
{"id":11110,"date":"2012-06-15T08:22:07","date_gmt":"2012-06-15T07:22:07","guid":{"rendered":"http:\/\/adamczewscy.pl\/?p=3536"},"modified":"2012-06-15T08:22:07","modified_gmt":"2012-06-15T07:22:07","slug":"wloski-deser-z-truskawkowym-musem","status":"publish","type":"post","link":"https:\/\/blog.polityka.pl\/adamczewski\/2012\/06\/15\/wloski-deser-z-truskawkowym-musem\/","title":{"rendered":"W\u0142oski deser z truskawkowym musem"},"content":{"rendered":"<p><em>2 szklanki mleka, 2 laski wanilii, 2 \u0142y\u017cki \u017celatyny instant w proszku, 10 \u0142y\u017cek miodu, 25 dag truskawek<\/em><\/p>\n<p>1. Zagotowa\u0107 mleko z przekrojonymi wzd\u0142u\u017c na p\u00f3\u0142 laskami wanilii, doda\u0107 7 \u0142y\u017cek miodu. Do wrz\u0105cego mleka wsypa\u0107 \u017celatyn\u0119 i miesza\u0107 a\u017c ca\u0142a si\u0119 rozpu\u015bci.<br \/>\n2. Ponalewa\u0107 krem do niedu\u017cych szklaneczek, ostudzi\u0107, po czym starannie okryte foli\u0105 spo\u017cywcz\u0105 wstawi\u0107 do lod\u00f3wki na kilka godzin.<br \/>\n3. Truskawki zmiksowa\u0107 na mus, pos\u0142odzi\u0107 pozosta\u0142ym miodem.<br \/>\nPodawa\u0107 krem polany truskawkowym musem. <\/p>\n","protected":false},"excerpt":{"rendered":"<p>2 szklanki mleka, 2 laski wanilii, 2 \u0142y\u017cki \u017celatyny instant w proszku, 10 \u0142y\u017cek miodu, 25 dag truskawek 1. Zagotowa\u0107 mleko z przekrojonymi wzd\u0142u\u017c na p\u00f3\u0142 laskami wanilii, doda\u0107 7 \u0142y\u017cek miodu. Do wrz\u0105cego mleka wsypa\u0107 \u017celatyn\u0119 i miesza\u0107 a\u017c ca\u0142a si\u0119 rozpu\u015bci. 2. Ponalewa\u0107 krem do niedu\u017cych szklaneczek, ostudzi\u0107, po czym starannie okryte foli\u0105 [&hellip;]<\/p>\n","protected":false},"author":2,"featured_media":0,"comment_status":"open","ping_status":"open","sticky":false,"template":"","format":"standard","meta":{"footnotes":""},"categories":[1],"tags":[],"_links":{"self":[{"href":"https:\/\/blog.polityka.pl\/adamczewski\/wp-json\/wp\/v2\/posts\/11110"}],"collection":[{"href":"https:\/\/blog.polityka.pl\/adamczewski\/wp-json\/wp\/v2\/posts"}],"about":[{"href":"https:\/\/blog.polityka.pl\/adamczewski\/wp-json\/wp\/v2\/types\/post"}],"author":[{"embeddable":true,"href":"https:\/\/blog.polityka.pl\/adamczewski\/wp-json\/wp\/v2\/users\/2"}],"replies":[{"embeddable":true,"href":"https:\/\/blog.polityka.pl\/adamczewski\/wp-json\/wp\/v2\/comments?post=11110"}],"version-history":[{"count":0,"href":"https:\/\/blog.polityka.pl\/adamczewski\/wp-json\/wp\/v2\/posts\/11110\/revisions"}],"wp:attachment":[{"href":"https:\/\/blog.polityka.pl\/adamczewski\/wp-json\/wp\/v2\/media?parent=11110"}],"wp:term":[{"taxonomy":"category","embeddable":true,"href":"https:\/\/blog.polityka.pl\/adamczewski\/wp-json\/wp\/v2\/categories?post=11110"},{"taxonomy":"post_tag","embeddable":true,"href":"https:\/\/blog.polityka.pl\/adamczewski\/wp-json\/wp\/v2\/tags?post=11110"}],"curies":[{"name":"wp","href":"https:\/\/api.w.org\/{rel}","templated":true}]}}