
{"id":11112,"date":"2012-06-15T08:32:15","date_gmt":"2012-06-15T07:32:15","guid":{"rendered":"http:\/\/adamczewscy.pl\/?p=3538"},"modified":"2012-06-15T08:32:15","modified_gmt":"2012-06-15T07:32:15","slug":"rulony-z-poledwiczek","status":"publish","type":"post","link":"https:\/\/blog.polityka.pl\/adamczewski\/2012\/06\/15\/rulony-z-poledwiczek\/","title":{"rendered":"Rulony z pol\u0119dwiczek"},"content":{"rendered":"<p><em>2 niedu\u017ce pol\u0119dwiczki wieprzowe, 70 dag pieczarek, opakowanie ciasta francuskiego, 4 \u0142y\u017cki siekanej zielonej pietruszki, ok. ? szklanki tartej bu\u0142ki, \u0142y\u017cka mas\u0142a, 2 \u0142y\u017cki mas\u0142a, \u0142y\u017cka oleju, s\u00f3l, pieprz<\/em><\/p>\n<p>1. Ciasto od\u0142o\u017cy\u0107 do rozmro\u017cenia.<br \/>\n2. Pieczarki oczy\u015bci\u0107, pokroi\u0107 na kawa\u0142ki, podsma\u017cy\u0107 na ma\u015ble staraj\u0105c si\u0119 odparowa\u0107 ca\u0142y sos, doda\u0107 bu\u0142k\u0119 tart\u0105, siekan\u0105 zielon\u0105 pietruszk\u0119, s\u00f3l i pieprz.<br \/>\n3. Pol\u0119dwiczki podzieli\u0107 na po\u0142owy doprawi\u0107 sol\u0105 i pieprzem, ka\u017cd\u0105 cz\u0119\u015b\u0107 obsma\u017cy\u0107 ze wszystkich stron na rumiano na oleju, ods\u0105czy\u0107 na kuchennym papierowym r\u0119czniku.<br \/>\n4. Cisto francuskie je\u015bli jest mro\u017cone rozmrozi\u0107, rozwa\u0142kowa\u0107 jego p\u0142at do\u015b\u0107 cienko i podzieli\u0107 na 4 cz\u0119\u015bci.<br \/>\n5. Na ka\u017cdym prostok\u0105cie ciasta u\u0142o\u017cy\u0107 usma\u017cone pieczarki, na nich pol\u0119dwiczk\u0119, zwin\u0105\u0107 w rulon, spojeniem do do\u0142u u\u0142o\u017cy\u0107 na blaszce wy\u0142o\u017conej papierem do wypiek\u00f3w, posmarowa\u0107 wierzch mlekiem.<br \/>\n6. Wstawi\u0107 do piekarnika nagrzanego do temperatury 210 st. C. Gdyby rulony rumieni\u0142y si\u0119 zbyt szybko nale\u017cy nakry\u0107 je p\u0142atem folii aluminiowej. <\/p>\n","protected":false},"excerpt":{"rendered":"<p>2 niedu\u017ce pol\u0119dwiczki wieprzowe, 70 dag pieczarek, opakowanie ciasta francuskiego, 4 \u0142y\u017cki siekanej zielonej pietruszki, ok. ? szklanki tartej bu\u0142ki, \u0142y\u017cka mas\u0142a, 2 \u0142y\u017cki mas\u0142a, \u0142y\u017cka oleju, s\u00f3l, pieprz 1. Ciasto od\u0142o\u017cy\u0107 do rozmro\u017cenia. 2. Pieczarki oczy\u015bci\u0107, pokroi\u0107 na kawa\u0142ki, podsma\u017cy\u0107 na ma\u015ble staraj\u0105c si\u0119 odparowa\u0107 ca\u0142y sos, doda\u0107 bu\u0142k\u0119 tart\u0105, siekan\u0105 zielon\u0105 pietruszk\u0119, s\u00f3l [&hellip;]<\/p>\n","protected":false},"author":2,"featured_media":0,"comment_status":"open","ping_status":"open","sticky":false,"template":"","format":"standard","meta":{"footnotes":""},"categories":[1],"tags":[],"_links":{"self":[{"href":"https:\/\/blog.polityka.pl\/adamczewski\/wp-json\/wp\/v2\/posts\/11112"}],"collection":[{"href":"https:\/\/blog.polityka.pl\/adamczewski\/wp-json\/wp\/v2\/posts"}],"about":[{"href":"https:\/\/blog.polityka.pl\/adamczewski\/wp-json\/wp\/v2\/types\/post"}],"author":[{"embeddable":true,"href":"https:\/\/blog.polityka.pl\/adamczewski\/wp-json\/wp\/v2\/users\/2"}],"replies":[{"embeddable":true,"href":"https:\/\/blog.polityka.pl\/adamczewski\/wp-json\/wp\/v2\/comments?post=11112"}],"version-history":[{"count":0,"href":"https:\/\/blog.polityka.pl\/adamczewski\/wp-json\/wp\/v2\/posts\/11112\/revisions"}],"wp:attachment":[{"href":"https:\/\/blog.polityka.pl\/adamczewski\/wp-json\/wp\/v2\/media?parent=11112"}],"wp:term":[{"taxonomy":"category","embeddable":true,"href":"https:\/\/blog.polityka.pl\/adamczewski\/wp-json\/wp\/v2\/categories?post=11112"},{"taxonomy":"post_tag","embeddable":true,"href":"https:\/\/blog.polityka.pl\/adamczewski\/wp-json\/wp\/v2\/tags?post=11112"}],"curies":[{"name":"wp","href":"https:\/\/api.w.org\/{rel}","templated":true}]}}