
{"id":11113,"date":"2012-06-15T08:38:23","date_gmt":"2012-06-15T07:38:23","guid":{"rendered":"http:\/\/adamczewscy.pl\/?p=3539"},"modified":"2012-06-15T08:38:23","modified_gmt":"2012-06-15T07:38:23","slug":"zrazy-w-sosie-z-zurawina","status":"publish","type":"post","link":"https:\/\/blog.polityka.pl\/adamczewski\/2012\/06\/15\/zrazy-w-sosie-z-zurawina\/","title":{"rendered":"Zrazy w sosie z \u017curawin\u0105"},"content":{"rendered":"<p><em>50 dag mielonego mi\u0119sa mieszanego, 2 kromki chleba tostowego, 1\/2 szklanki mleka, cebula, jajko, s\u00f3l, pieprz, p\u00f3\u0142 \u0142y\u017ceczki s\u0142odkiej mielonej papryki, 1\/2 szklanki bulionu wo\u0142owego z kostki, 15 dag konfitury \u017curawinowej do mi\u0119s, 4 \u0142y\u017cki oleju<br \/>\n<\/em><br \/>\n1. Chleb tostowy pokroi\u0107 na drobne kawa\u0142ki, zala\u0107 mlekiem.<br \/>\n2. Cebul\u0119 posieka\u0107 jak najdrobniej.<br \/>\n3. Mi\u0119so wyrobi\u0107 z odci\u015bni\u0119tym chlebem tostowym, jajkiem, po\u0142ow\u0105 cebuli, sol\u0105 i pieprzem. Uformowa\u0107 niewielkie owalne zrazy.<br \/>\n4. Rozgrza\u0107 na patelni olej, usma\u017cy\u0107 na nim zrazy (po 5minut z ka\u017cdej strony), zdj\u0105\u0107 z patelni i od\u0142o\u017cy\u0107 w ciep\u0142e miejsce.<br \/>\n5. Na patelni\u0119 po zrazach wrzuci\u0107 pozosta\u0142\u0105 cebul\u0119, kiedy si\u0119 zeszkli doda\u0107 \u017curawin\u0119 i bulion, zagotowa\u0107,  doprawi\u0107 sol\u0105 i pieprzem. Pola\u0107 sosem zrazy. <\/p>\n","protected":false},"excerpt":{"rendered":"<p>50 dag mielonego mi\u0119sa mieszanego, 2 kromki chleba tostowego, 1\/2 szklanki mleka, cebula, jajko, s\u00f3l, pieprz, p\u00f3\u0142 \u0142y\u017ceczki s\u0142odkiej mielonej papryki, 1\/2 szklanki bulionu wo\u0142owego z kostki, 15 dag konfitury \u017curawinowej do mi\u0119s, 4 \u0142y\u017cki oleju 1. Chleb tostowy pokroi\u0107 na drobne kawa\u0142ki, zala\u0107 mlekiem. 2. Cebul\u0119 posieka\u0107 jak najdrobniej. 3. Mi\u0119so wyrobi\u0107 z odci\u015bni\u0119tym [&hellip;]<\/p>\n","protected":false},"author":2,"featured_media":0,"comment_status":"open","ping_status":"open","sticky":false,"template":"","format":"standard","meta":{"footnotes":""},"categories":[1],"tags":[],"_links":{"self":[{"href":"https:\/\/blog.polityka.pl\/adamczewski\/wp-json\/wp\/v2\/posts\/11113"}],"collection":[{"href":"https:\/\/blog.polityka.pl\/adamczewski\/wp-json\/wp\/v2\/posts"}],"about":[{"href":"https:\/\/blog.polityka.pl\/adamczewski\/wp-json\/wp\/v2\/types\/post"}],"author":[{"embeddable":true,"href":"https:\/\/blog.polityka.pl\/adamczewski\/wp-json\/wp\/v2\/users\/2"}],"replies":[{"embeddable":true,"href":"https:\/\/blog.polityka.pl\/adamczewski\/wp-json\/wp\/v2\/comments?post=11113"}],"version-history":[{"count":0,"href":"https:\/\/blog.polityka.pl\/adamczewski\/wp-json\/wp\/v2\/posts\/11113\/revisions"}],"wp:attachment":[{"href":"https:\/\/blog.polityka.pl\/adamczewski\/wp-json\/wp\/v2\/media?parent=11113"}],"wp:term":[{"taxonomy":"category","embeddable":true,"href":"https:\/\/blog.polityka.pl\/adamczewski\/wp-json\/wp\/v2\/categories?post=11113"},{"taxonomy":"post_tag","embeddable":true,"href":"https:\/\/blog.polityka.pl\/adamczewski\/wp-json\/wp\/v2\/tags?post=11113"}],"curies":[{"name":"wp","href":"https:\/\/api.w.org\/{rel}","templated":true}]}}