
{"id":11114,"date":"2012-06-15T08:40:54","date_gmt":"2012-06-15T07:40:54","guid":{"rendered":"http:\/\/adamczewscy.pl\/?p=3540"},"modified":"2012-06-15T08:40:54","modified_gmt":"2012-06-15T07:40:54","slug":"salatka-pomidorowa","status":"publish","type":"post","link":"https:\/\/blog.polityka.pl\/adamczewski\/2012\/06\/15\/salatka-pomidorowa\/","title":{"rendered":"Sa\u0142atka pomidorowa"},"content":{"rendered":"<p><em>4 \u015brednie, mi\u0119siste i dojrza\u0142e pomidory, kilka li\u015bci sa\u0142aty, 2 du\u017ce mi\u0119kkie gruszki,<br \/>\nNa sos: sok z po\u0142owy cytryny, 5 \u0142y\u017cek oleju s\u0142onecznikowego lub z pestek winogron, s\u00f3l, cukier i pieprz do smaku, szczypta s\u0142odkiej mielonej papryki i szczypta ostrej<br \/>\n<\/em><br \/>\n1. Na p\u00f3\u0142miseczku pouk\u0142ada\u0107 umyte i osuszone li\u015bcie sa\u0142aty.<br \/>\n2. Pomidory pokroi\u0107 w plasterki, pouk\u0142ada\u0107 na listkach sa\u0142aty.<br \/>\n3. Gruszki obra\u0107, usun\u0105\u0107 gniazda nasienne, mi\u0105\u017csz pokroi\u0107 w kostk\u0119, posypa\u0107 pomidory.<br \/>\n4. Sk\u0142adniki sosu dobrze wymiesza\u0107 doprawiaj\u0105c wed\u0142ug smaku, pola\u0107 nim sa\u0142atk\u0119 i odstawi\u0107 na godzin\u0119 w ch\u0142odne miejsce. <\/p>\n","protected":false},"excerpt":{"rendered":"<p>4 \u015brednie, mi\u0119siste i dojrza\u0142e pomidory, kilka li\u015bci sa\u0142aty, 2 du\u017ce mi\u0119kkie gruszki, Na sos: sok z po\u0142owy cytryny, 5 \u0142y\u017cek oleju s\u0142onecznikowego lub z pestek winogron, s\u00f3l, cukier i pieprz do smaku, szczypta s\u0142odkiej mielonej papryki i szczypta ostrej 1. Na p\u00f3\u0142miseczku pouk\u0142ada\u0107 umyte i osuszone li\u015bcie sa\u0142aty. 2. Pomidory pokroi\u0107 w plasterki, pouk\u0142ada\u0107 [&hellip;]<\/p>\n","protected":false},"author":2,"featured_media":0,"comment_status":"open","ping_status":"open","sticky":false,"template":"","format":"standard","meta":{"footnotes":""},"categories":[1],"tags":[],"_links":{"self":[{"href":"https:\/\/blog.polityka.pl\/adamczewski\/wp-json\/wp\/v2\/posts\/11114"}],"collection":[{"href":"https:\/\/blog.polityka.pl\/adamczewski\/wp-json\/wp\/v2\/posts"}],"about":[{"href":"https:\/\/blog.polityka.pl\/adamczewski\/wp-json\/wp\/v2\/types\/post"}],"author":[{"embeddable":true,"href":"https:\/\/blog.polityka.pl\/adamczewski\/wp-json\/wp\/v2\/users\/2"}],"replies":[{"embeddable":true,"href":"https:\/\/blog.polityka.pl\/adamczewski\/wp-json\/wp\/v2\/comments?post=11114"}],"version-history":[{"count":0,"href":"https:\/\/blog.polityka.pl\/adamczewski\/wp-json\/wp\/v2\/posts\/11114\/revisions"}],"wp:attachment":[{"href":"https:\/\/blog.polityka.pl\/adamczewski\/wp-json\/wp\/v2\/media?parent=11114"}],"wp:term":[{"taxonomy":"category","embeddable":true,"href":"https:\/\/blog.polityka.pl\/adamczewski\/wp-json\/wp\/v2\/categories?post=11114"},{"taxonomy":"post_tag","embeddable":true,"href":"https:\/\/blog.polityka.pl\/adamczewski\/wp-json\/wp\/v2\/tags?post=11114"}],"curies":[{"name":"wp","href":"https:\/\/api.w.org\/{rel}","templated":true}]}}