
{"id":11115,"date":"2012-06-22T06:29:41","date_gmt":"2012-06-22T05:29:41","guid":{"rendered":"http:\/\/adamczewscy.pl\/?p=3542"},"modified":"2012-06-22T06:29:41","modified_gmt":"2012-06-22T05:29:41","slug":"surowka-z-kalarepki","status":"publish","type":"post","link":"https:\/\/blog.polityka.pl\/adamczewski\/2012\/06\/22\/surowka-z-kalarepki\/","title":{"rendered":"Sur\u00f3wka z kalarepki"},"content":{"rendered":"<p><em>4 m\u0142ode kalarepki, 2 \u0142y\u017cki oliwy z oliwek, 2 \u0142y\u017cki koncentratu pomidorowego, \u0142y\u017cka umytych i op\u0142ukanych rodzynek, s\u00f3l, pieprz, cukier, sok cytrynowy do smaku. 2 \u0142y\u017cki posiekanej zielonej pietruszki<br \/>\n<\/em><br \/>\n1. Kalarepki obra\u0107 ze sk\u00f3rki, zetrze\u0107 na grubej jarzynowej tarce.<br \/>\n2. Wymiesza\u0107 kalarepk\u0119 z rodzynkami, koncentratem, doprawi\u0107 sol\u0105, pieprzem cukrem i sokiem cytrynowym. <\/p>\n","protected":false},"excerpt":{"rendered":"<p>4 m\u0142ode kalarepki, 2 \u0142y\u017cki oliwy z oliwek, 2 \u0142y\u017cki koncentratu pomidorowego, \u0142y\u017cka umytych i op\u0142ukanych rodzynek, s\u00f3l, pieprz, cukier, sok cytrynowy do smaku. 2 \u0142y\u017cki posiekanej zielonej pietruszki 1. Kalarepki obra\u0107 ze sk\u00f3rki, zetrze\u0107 na grubej jarzynowej tarce. 2. Wymiesza\u0107 kalarepk\u0119 z rodzynkami, koncentratem, doprawi\u0107 sol\u0105, pieprzem cukrem i sokiem cytrynowym.<\/p>\n","protected":false},"author":2,"featured_media":0,"comment_status":"open","ping_status":"open","sticky":false,"template":"","format":"standard","meta":{"footnotes":""},"categories":[1],"tags":[],"_links":{"self":[{"href":"https:\/\/blog.polityka.pl\/adamczewski\/wp-json\/wp\/v2\/posts\/11115"}],"collection":[{"href":"https:\/\/blog.polityka.pl\/adamczewski\/wp-json\/wp\/v2\/posts"}],"about":[{"href":"https:\/\/blog.polityka.pl\/adamczewski\/wp-json\/wp\/v2\/types\/post"}],"author":[{"embeddable":true,"href":"https:\/\/blog.polityka.pl\/adamczewski\/wp-json\/wp\/v2\/users\/2"}],"replies":[{"embeddable":true,"href":"https:\/\/blog.polityka.pl\/adamczewski\/wp-json\/wp\/v2\/comments?post=11115"}],"version-history":[{"count":0,"href":"https:\/\/blog.polityka.pl\/adamczewski\/wp-json\/wp\/v2\/posts\/11115\/revisions"}],"wp:attachment":[{"href":"https:\/\/blog.polityka.pl\/adamczewski\/wp-json\/wp\/v2\/media?parent=11115"}],"wp:term":[{"taxonomy":"category","embeddable":true,"href":"https:\/\/blog.polityka.pl\/adamczewski\/wp-json\/wp\/v2\/categories?post=11115"},{"taxonomy":"post_tag","embeddable":true,"href":"https:\/\/blog.polityka.pl\/adamczewski\/wp-json\/wp\/v2\/tags?post=11115"}],"curies":[{"name":"wp","href":"https:\/\/api.w.org\/{rel}","templated":true}]}}