
{"id":11116,"date":"2012-06-22T06:31:07","date_gmt":"2012-06-22T05:31:07","guid":{"rendered":"http:\/\/adamczewscy.pl\/?p=3543"},"modified":"2012-06-22T06:31:07","modified_gmt":"2012-06-22T05:31:07","slug":"surowka-rzodkiewkowa","status":"publish","type":"post","link":"https:\/\/blog.polityka.pl\/adamczewski\/2012\/06\/22\/surowka-rzodkiewkowa\/","title":{"rendered":"Sur\u00f3wka rzodkiewkowa"},"content":{"rendered":"<p><em>3 p\u0119czki rzodkiewek, banan, 2 \u0142y\u017ceczki keczupu, s\u00f3l, pieprz, do smaku cukier i sok z cytryny, 4-5 orzech\u00f3w w\u0142oskich<\/em><\/p>\n<p>1. Rzodkiewki umy\u0107, odkroi\u0107 \u0142ody\u017cki i korzonki, rzodkiewki pokroi\u0107 w p\u00f3l plasterki.<br \/>\n2. Banana obra\u0107 i pokroi\u0107 w cienkie plasterki.<br \/>\n3. Wymiesza\u0107 rzodkiewki a bananem, doprawi\u0107 sol\u0105, pieprzem, cukrem i sokiem cytrynowym oraz keczupem.<br \/>\n4. Wierzch sur\u00f3wki posypa\u0107 posiekanymi orzechami. <\/p>\n","protected":false},"excerpt":{"rendered":"<p>3 p\u0119czki rzodkiewek, banan, 2 \u0142y\u017ceczki keczupu, s\u00f3l, pieprz, do smaku cukier i sok z cytryny, 4-5 orzech\u00f3w w\u0142oskich 1. Rzodkiewki umy\u0107, odkroi\u0107 \u0142ody\u017cki i korzonki, rzodkiewki pokroi\u0107 w p\u00f3l plasterki. 2. Banana obra\u0107 i pokroi\u0107 w cienkie plasterki. 3. Wymiesza\u0107 rzodkiewki a bananem, doprawi\u0107 sol\u0105, pieprzem, cukrem i sokiem cytrynowym oraz keczupem. 4. Wierzch [&hellip;]<\/p>\n","protected":false},"author":2,"featured_media":0,"comment_status":"open","ping_status":"open","sticky":false,"template":"","format":"standard","meta":{"footnotes":""},"categories":[1],"tags":[],"_links":{"self":[{"href":"https:\/\/blog.polityka.pl\/adamczewski\/wp-json\/wp\/v2\/posts\/11116"}],"collection":[{"href":"https:\/\/blog.polityka.pl\/adamczewski\/wp-json\/wp\/v2\/posts"}],"about":[{"href":"https:\/\/blog.polityka.pl\/adamczewski\/wp-json\/wp\/v2\/types\/post"}],"author":[{"embeddable":true,"href":"https:\/\/blog.polityka.pl\/adamczewski\/wp-json\/wp\/v2\/users\/2"}],"replies":[{"embeddable":true,"href":"https:\/\/blog.polityka.pl\/adamczewski\/wp-json\/wp\/v2\/comments?post=11116"}],"version-history":[{"count":0,"href":"https:\/\/blog.polityka.pl\/adamczewski\/wp-json\/wp\/v2\/posts\/11116\/revisions"}],"wp:attachment":[{"href":"https:\/\/blog.polityka.pl\/adamczewski\/wp-json\/wp\/v2\/media?parent=11116"}],"wp:term":[{"taxonomy":"category","embeddable":true,"href":"https:\/\/blog.polityka.pl\/adamczewski\/wp-json\/wp\/v2\/categories?post=11116"},{"taxonomy":"post_tag","embeddable":true,"href":"https:\/\/blog.polityka.pl\/adamczewski\/wp-json\/wp\/v2\/tags?post=11116"}],"curies":[{"name":"wp","href":"https:\/\/api.w.org\/{rel}","templated":true}]}}