
{"id":11118,"date":"2012-06-22T06:34:20","date_gmt":"2012-06-22T05:34:20","guid":{"rendered":"http:\/\/adamczewscy.pl\/?p=3545"},"modified":"2012-06-22T06:34:20","modified_gmt":"2012-06-22T05:34:20","slug":"rogaliki-serowe","status":"publish","type":"post","link":"https:\/\/blog.polityka.pl\/adamczewski\/2012\/06\/22\/rogaliki-serowe\/","title":{"rendered":"Rogaliki serowe"},"content":{"rendered":"<p><em>Po ? kg twaro\u017cku homogenizowanego, m\u0105ki i mas\u0142a<br \/>\nJako nadzienie: p\u00f3\u0142 s\u0142oiczka d\u017cemu<br \/>\n<\/em><br \/>\n1. Wyrobi\u0107 sk\u0142adniki po uprzednim przesiekaniu ich no\u017cem, uformowa\u0107 kul\u0119 z ciasta i w\u0142o\u017cy\u0107 do lod\u00f3wki na godzin\u0119.<br \/>\n2. Po wyj\u0119ciu z lod\u00f3wki odkrawa\u0107 po trochu ciasto, wa\u0142kowa\u0107 na cienki placek i po podzieleniu na cz\u0105stki (jak tort) na\u0142o\u017cy\u0107 po odrobinie d\u017cemu wok\u00f3\u0142 obwodu i zwija\u0107 rogaliki.<br \/>\n3. Piec rogaliki w temp. 180 st. C do momentu, kiedy stan\u0105 si\u0119 z\u0142ociste. Posypa\u0107 przez sitko cukrem pudrem. <\/p>\n","protected":false},"excerpt":{"rendered":"<p>Po ? kg twaro\u017cku homogenizowanego, m\u0105ki i mas\u0142a Jako nadzienie: p\u00f3\u0142 s\u0142oiczka d\u017cemu 1. Wyrobi\u0107 sk\u0142adniki po uprzednim przesiekaniu ich no\u017cem, uformowa\u0107 kul\u0119 z ciasta i w\u0142o\u017cy\u0107 do lod\u00f3wki na godzin\u0119. 2. Po wyj\u0119ciu z lod\u00f3wki odkrawa\u0107 po trochu ciasto, wa\u0142kowa\u0107 na cienki placek i po podzieleniu na cz\u0105stki (jak tort) na\u0142o\u017cy\u0107 po odrobinie d\u017cemu [&hellip;]<\/p>\n","protected":false},"author":2,"featured_media":0,"comment_status":"open","ping_status":"open","sticky":false,"template":"","format":"standard","meta":{"footnotes":""},"categories":[1],"tags":[],"_links":{"self":[{"href":"https:\/\/blog.polityka.pl\/adamczewski\/wp-json\/wp\/v2\/posts\/11118"}],"collection":[{"href":"https:\/\/blog.polityka.pl\/adamczewski\/wp-json\/wp\/v2\/posts"}],"about":[{"href":"https:\/\/blog.polityka.pl\/adamczewski\/wp-json\/wp\/v2\/types\/post"}],"author":[{"embeddable":true,"href":"https:\/\/blog.polityka.pl\/adamczewski\/wp-json\/wp\/v2\/users\/2"}],"replies":[{"embeddable":true,"href":"https:\/\/blog.polityka.pl\/adamczewski\/wp-json\/wp\/v2\/comments?post=11118"}],"version-history":[{"count":0,"href":"https:\/\/blog.polityka.pl\/adamczewski\/wp-json\/wp\/v2\/posts\/11118\/revisions"}],"wp:attachment":[{"href":"https:\/\/blog.polityka.pl\/adamczewski\/wp-json\/wp\/v2\/media?parent=11118"}],"wp:term":[{"taxonomy":"category","embeddable":true,"href":"https:\/\/blog.polityka.pl\/adamczewski\/wp-json\/wp\/v2\/categories?post=11118"},{"taxonomy":"post_tag","embeddable":true,"href":"https:\/\/blog.polityka.pl\/adamczewski\/wp-json\/wp\/v2\/tags?post=11118"}],"curies":[{"name":"wp","href":"https:\/\/api.w.org\/{rel}","templated":true}]}}