
{"id":11120,"date":"2012-06-29T09:53:32","date_gmt":"2012-06-29T08:53:32","guid":{"rendered":"http:\/\/adamczewscy.pl\/?p=3549"},"modified":"2012-06-29T09:53:32","modified_gmt":"2012-06-29T08:53:32","slug":"zapiekane-selery-naciowe","status":"publish","type":"post","link":"https:\/\/blog.polityka.pl\/adamczewski\/2012\/06\/29\/zapiekane-selery-naciowe\/","title":{"rendered":"Zapiekane selery naciowe"},"content":{"rendered":"<p><em>2 opakowania selera naciowego, 2 \u0142y\u017cki mas\u0142a, s\u00f3l, cukier do smaku, 3\/4 szklanki \u015bmietany, 2 \u0142y\u017cki keczupu, 3\/4  szklanki startego \u017c\u00f3\u0142tego sera, 2 \u0142y\u017cki koperku<\/em><\/p>\n<p>1.\u0141odygi selerowe oczy\u015bci\u0107, usun\u0105\u0107 w\u0142\u00f3kna na ile si\u0119 da, pokroi\u0107  ka\u017cd\u0105 \u0142odyg\u0119 na 3 &#8211; 4 kawa\u0142ki.<br \/>\n2.Kawa\u0142ki selerowej \u0142odygi umie\u015bci\u0107 w rondelku, doda\u0107 mas\u0142o, s\u00f3l, cukier i odrobin\u0119 wody. Dusi\u0107 do mi\u0119kko\u015bci do\u015b\u0107 cz\u0119sto mieszaj\u0105c.<br \/>\n3.Mi\u0119kkie selery  wymiesza\u0107 ze \u015bmietan\u0105 i koperkiem, umie\u015bci\u0107  na \u017caroodpornym p\u00f3\u0142misku, skropi\u0107 keczupem, posypa\u0107 wierzch \u017c\u00f3\u0142tym serem i zapiec  w piekarniku a\u017c ser si\u0119 stopi .<\/p>\n","protected":false},"excerpt":{"rendered":"<p>2 opakowania selera naciowego, 2 \u0142y\u017cki mas\u0142a, s\u00f3l, cukier do smaku, 3\/4 szklanki \u015bmietany, 2 \u0142y\u017cki keczupu, 3\/4 szklanki startego \u017c\u00f3\u0142tego sera, 2 \u0142y\u017cki koperku 1.\u0141odygi selerowe oczy\u015bci\u0107, usun\u0105\u0107 w\u0142\u00f3kna na ile si\u0119 da, pokroi\u0107 ka\u017cd\u0105 \u0142odyg\u0119 na 3 &#8211; 4 kawa\u0142ki. 2.Kawa\u0142ki selerowej \u0142odygi umie\u015bci\u0107 w rondelku, doda\u0107 mas\u0142o, s\u00f3l, cukier i odrobin\u0119 wody. [&hellip;]<\/p>\n","protected":false},"author":2,"featured_media":0,"comment_status":"open","ping_status":"open","sticky":false,"template":"","format":"standard","meta":{"footnotes":""},"categories":[1],"tags":[],"_links":{"self":[{"href":"https:\/\/blog.polityka.pl\/adamczewski\/wp-json\/wp\/v2\/posts\/11120"}],"collection":[{"href":"https:\/\/blog.polityka.pl\/adamczewski\/wp-json\/wp\/v2\/posts"}],"about":[{"href":"https:\/\/blog.polityka.pl\/adamczewski\/wp-json\/wp\/v2\/types\/post"}],"author":[{"embeddable":true,"href":"https:\/\/blog.polityka.pl\/adamczewski\/wp-json\/wp\/v2\/users\/2"}],"replies":[{"embeddable":true,"href":"https:\/\/blog.polityka.pl\/adamczewski\/wp-json\/wp\/v2\/comments?post=11120"}],"version-history":[{"count":0,"href":"https:\/\/blog.polityka.pl\/adamczewski\/wp-json\/wp\/v2\/posts\/11120\/revisions"}],"wp:attachment":[{"href":"https:\/\/blog.polityka.pl\/adamczewski\/wp-json\/wp\/v2\/media?parent=11120"}],"wp:term":[{"taxonomy":"category","embeddable":true,"href":"https:\/\/blog.polityka.pl\/adamczewski\/wp-json\/wp\/v2\/categories?post=11120"},{"taxonomy":"post_tag","embeddable":true,"href":"https:\/\/blog.polityka.pl\/adamczewski\/wp-json\/wp\/v2\/tags?post=11120"}],"curies":[{"name":"wp","href":"https:\/\/api.w.org\/{rel}","templated":true}]}}