
{"id":11123,"date":"2012-06-29T09:58:06","date_gmt":"2012-06-29T08:58:06","guid":{"rendered":"http:\/\/adamczewscy.pl\/?p=3552"},"modified":"2012-06-29T09:58:06","modified_gmt":"2012-06-29T08:58:06","slug":"kielbasiane-ciasteczka","status":"publish","type":"post","link":"https:\/\/blog.polityka.pl\/adamczewski\/2012\/06\/29\/kielbasiane-ciasteczka\/","title":{"rendered":"Kie\u0142basiane ?ciasteczka?"},"content":{"rendered":"<p><em>Na ciasto: 1\/2 kg m\u0105ki, 3\/4 kostki mas\u0142a, \u017c\u00f3\u0142tko, 3\/4 szklanki \u015bmietany 18-proc., spora szczypta soli, jajko do posmarowania wierzchu<br \/>\nNa farsz: 50 dag surowej bia\u0142ej kie\u0142basy, szczypta tymianku i pieprzu<\/em><\/p>\n<p>1. M\u0105k\u0119 przesieka\u0107 z mas\u0142em, doda\u0107 \u017c\u00f3\u0142tko, s\u00f3l, \u015bmietan\u0119 i zagnie\u015b\u0107 ciasto. W torebce foliowej w\u0142o\u017cy\u0107 ciasto do lod\u00f3wki.<br \/>\n2. Kie\u0142bas\u0119 obra\u0107 ze sk\u00f3rki, zmiksowa\u0107, doprawiaj\u0105c tymiankiem i pieprzem.<br \/>\n3. Ciasto po wyj\u0119ciu z lod\u00f3wki rozwa\u0142kowa\u0107, powycina\u0107 szklank\u0105 kr\u0105\u017cki, nak\u0142ada\u0107 na \u015brodek kr\u0105\u017ck\u00f3w po trochu farszu i starannie zlepia\u0107 brzegi.<br \/>\n4. U\u0142o\u017cy\u0107 ?ciasteczka? na blaszce wy\u0142o\u017conej papierem do wypiek\u00f3w, posmarowa\u0107 wierzchy rozbitym jajkiem. Piec w piekarniku nagrzanym do 180 st. C oko\u0142o 45 minut.<\/p>\n","protected":false},"excerpt":{"rendered":"<p>Na ciasto: 1\/2 kg m\u0105ki, 3\/4 kostki mas\u0142a, \u017c\u00f3\u0142tko, 3\/4 szklanki \u015bmietany 18-proc., spora szczypta soli, jajko do posmarowania wierzchu Na farsz: 50 dag surowej bia\u0142ej kie\u0142basy, szczypta tymianku i pieprzu 1. M\u0105k\u0119 przesieka\u0107 z mas\u0142em, doda\u0107 \u017c\u00f3\u0142tko, s\u00f3l, \u015bmietan\u0119 i zagnie\u015b\u0107 ciasto. W torebce foliowej w\u0142o\u017cy\u0107 ciasto do lod\u00f3wki. 2. Kie\u0142bas\u0119 obra\u0107 ze sk\u00f3rki, [&hellip;]<\/p>\n","protected":false},"author":2,"featured_media":0,"comment_status":"open","ping_status":"open","sticky":false,"template":"","format":"standard","meta":{"footnotes":""},"categories":[1],"tags":[],"_links":{"self":[{"href":"https:\/\/blog.polityka.pl\/adamczewski\/wp-json\/wp\/v2\/posts\/11123"}],"collection":[{"href":"https:\/\/blog.polityka.pl\/adamczewski\/wp-json\/wp\/v2\/posts"}],"about":[{"href":"https:\/\/blog.polityka.pl\/adamczewski\/wp-json\/wp\/v2\/types\/post"}],"author":[{"embeddable":true,"href":"https:\/\/blog.polityka.pl\/adamczewski\/wp-json\/wp\/v2\/users\/2"}],"replies":[{"embeddable":true,"href":"https:\/\/blog.polityka.pl\/adamczewski\/wp-json\/wp\/v2\/comments?post=11123"}],"version-history":[{"count":0,"href":"https:\/\/blog.polityka.pl\/adamczewski\/wp-json\/wp\/v2\/posts\/11123\/revisions"}],"wp:attachment":[{"href":"https:\/\/blog.polityka.pl\/adamczewski\/wp-json\/wp\/v2\/media?parent=11123"}],"wp:term":[{"taxonomy":"category","embeddable":true,"href":"https:\/\/blog.polityka.pl\/adamczewski\/wp-json\/wp\/v2\/categories?post=11123"},{"taxonomy":"post_tag","embeddable":true,"href":"https:\/\/blog.polityka.pl\/adamczewski\/wp-json\/wp\/v2\/tags?post=11123"}],"curies":[{"name":"wp","href":"https:\/\/api.w.org\/{rel}","templated":true}]}}