
{"id":11124,"date":"2012-06-29T09:59:11","date_gmt":"2012-06-29T08:59:11","guid":{"rendered":"http:\/\/adamczewscy.pl\/?p=3553"},"modified":"2012-06-29T09:59:11","modified_gmt":"2012-06-29T08:59:11","slug":"ciasto-z-malinami","status":"publish","type":"post","link":"https:\/\/blog.polityka.pl\/adamczewski\/2012\/06\/29\/ciasto-z-malinami\/","title":{"rendered":"Ciasto z malinami"},"content":{"rendered":"<p><em>Szklanka m\u0105ki, 1\/2 \u0142y\u017ceczki proszku do pieczenia, 1\/2 \u0142y\u017ceczki proszku do pieczenia, 1\/2 \u0142y\u017ceczki sody oczyszczonej, szczypta soli, 3,5 \u0142y\u017ceczki mas\u0142a, 2\/3 szklanki cukru, 3 &#8211; 4 krople esencji waniliowej, jajko, 1\/2 szklanki ma\u015blanki<br \/>\nSzklanka malin,1,5 \u0142y\u017cki cukru<br \/>\nDo posmarowania tortownicy: \u0142y\u017cka mas\u0142a<\/em><\/p>\n<p>1. Wymiesza\u0107 m\u0105k\u0119, s\u00f3l, sod\u0119 i proszek do pieczenia.<br \/>\n2. Utrze\u0107 mikserem mas\u0142o z cukrem, dodaj\u0105c po trochu m\u0105k\u0119 i ma\u015blank\u0119.<br \/>\n3. Utarte g\u0142adko ciasto prze\u0142o\u017cy\u0107 do nat\u0142uszczonej tortownicy, posypa\u0107 malinami i1,5 \u0142y\u017cki cukru.<br \/>\n4. W nagrzanym do 200 st. C piekarniku piec ciasto ok.30 minut.<\/p>\n","protected":false},"excerpt":{"rendered":"<p>Szklanka m\u0105ki, 1\/2 \u0142y\u017ceczki proszku do pieczenia, 1\/2 \u0142y\u017ceczki proszku do pieczenia, 1\/2 \u0142y\u017ceczki sody oczyszczonej, szczypta soli, 3,5 \u0142y\u017ceczki mas\u0142a, 2\/3 szklanki cukru, 3 &#8211; 4 krople esencji waniliowej, jajko, 1\/2 szklanki ma\u015blanki Szklanka malin,1,5 \u0142y\u017cki cukru Do posmarowania tortownicy: \u0142y\u017cka mas\u0142a 1. Wymiesza\u0107 m\u0105k\u0119, s\u00f3l, sod\u0119 i proszek do pieczenia. 2. Utrze\u0107 mikserem [&hellip;]<\/p>\n","protected":false},"author":2,"featured_media":0,"comment_status":"open","ping_status":"open","sticky":false,"template":"","format":"standard","meta":{"footnotes":""},"categories":[1],"tags":[],"_links":{"self":[{"href":"https:\/\/blog.polityka.pl\/adamczewski\/wp-json\/wp\/v2\/posts\/11124"}],"collection":[{"href":"https:\/\/blog.polityka.pl\/adamczewski\/wp-json\/wp\/v2\/posts"}],"about":[{"href":"https:\/\/blog.polityka.pl\/adamczewski\/wp-json\/wp\/v2\/types\/post"}],"author":[{"embeddable":true,"href":"https:\/\/blog.polityka.pl\/adamczewski\/wp-json\/wp\/v2\/users\/2"}],"replies":[{"embeddable":true,"href":"https:\/\/blog.polityka.pl\/adamczewski\/wp-json\/wp\/v2\/comments?post=11124"}],"version-history":[{"count":0,"href":"https:\/\/blog.polityka.pl\/adamczewski\/wp-json\/wp\/v2\/posts\/11124\/revisions"}],"wp:attachment":[{"href":"https:\/\/blog.polityka.pl\/adamczewski\/wp-json\/wp\/v2\/media?parent=11124"}],"wp:term":[{"taxonomy":"category","embeddable":true,"href":"https:\/\/blog.polityka.pl\/adamczewski\/wp-json\/wp\/v2\/categories?post=11124"},{"taxonomy":"post_tag","embeddable":true,"href":"https:\/\/blog.polityka.pl\/adamczewski\/wp-json\/wp\/v2\/tags?post=11124"}],"curies":[{"name":"wp","href":"https:\/\/api.w.org\/{rel}","templated":true}]}}