
{"id":11125,"date":"2012-07-09T11:07:55","date_gmt":"2012-07-09T10:07:55","guid":{"rendered":"http:\/\/adamczewscy.pl\/?p=3555"},"modified":"2012-07-09T11:07:55","modified_gmt":"2012-07-09T10:07:55","slug":"ananasowa-pieczen","status":"publish","type":"post","link":"https:\/\/blog.polityka.pl\/adamczewski\/2012\/07\/09\/ananasowa-pieczen\/","title":{"rendered":"Ananasowa piecze\u0144"},"content":{"rendered":"<p><em>80 dag mieszanego mielonego mi\u0119sa, du\u017ca cebula, kromka chleba, 1\/2 szklanki soku pomidorowego, jajko, 5 plastr\u00f3w ananasa z puszki, \u0142y\u017cka mas\u0142a, s\u00f3l, \u015bwie\u017co mielony bia\u0142y pieprz, 2 \u0142y\u017cki oleju<\/em><\/p>\n<p>1. Posieka\u0107 cebul\u0119 bardzo drobno, kromk\u0119 chleba pokroi\u0107 na drobniutkie kostki.<br \/>\n2. Wymiesza\u0107 chleb, sok pomidorowy i cebul\u0119 oraz rozbite jajko z mielonym mi\u0119sem. Doprawi\u0107 sol\u0105 i pieprzem.<br \/>\n3. Uformowa\u0107 pod\u0142u\u017cn\u0105 piecze\u0144, posmarowa\u0107 olejem. Piec oko\u0142o godziny w temperaturze 180 st. C.<br \/>\n4. U\u0142o\u017cy\u0107 na wierzchu pieczeni plastry ananasa i wstawi\u0107 do piekarnika na kolejne 20 minut. <\/p>\n","protected":false},"excerpt":{"rendered":"<p>80 dag mieszanego mielonego mi\u0119sa, du\u017ca cebula, kromka chleba, 1\/2 szklanki soku pomidorowego, jajko, 5 plastr\u00f3w ananasa z puszki, \u0142y\u017cka mas\u0142a, s\u00f3l, \u015bwie\u017co mielony bia\u0142y pieprz, 2 \u0142y\u017cki oleju 1. Posieka\u0107 cebul\u0119 bardzo drobno, kromk\u0119 chleba pokroi\u0107 na drobniutkie kostki. 2. Wymiesza\u0107 chleb, sok pomidorowy i cebul\u0119 oraz rozbite jajko z mielonym mi\u0119sem. Doprawi\u0107 sol\u0105 [&hellip;]<\/p>\n","protected":false},"author":2,"featured_media":0,"comment_status":"open","ping_status":"open","sticky":false,"template":"","format":"standard","meta":{"footnotes":""},"categories":[1],"tags":[],"_links":{"self":[{"href":"https:\/\/blog.polityka.pl\/adamczewski\/wp-json\/wp\/v2\/posts\/11125"}],"collection":[{"href":"https:\/\/blog.polityka.pl\/adamczewski\/wp-json\/wp\/v2\/posts"}],"about":[{"href":"https:\/\/blog.polityka.pl\/adamczewski\/wp-json\/wp\/v2\/types\/post"}],"author":[{"embeddable":true,"href":"https:\/\/blog.polityka.pl\/adamczewski\/wp-json\/wp\/v2\/users\/2"}],"replies":[{"embeddable":true,"href":"https:\/\/blog.polityka.pl\/adamczewski\/wp-json\/wp\/v2\/comments?post=11125"}],"version-history":[{"count":0,"href":"https:\/\/blog.polityka.pl\/adamczewski\/wp-json\/wp\/v2\/posts\/11125\/revisions"}],"wp:attachment":[{"href":"https:\/\/blog.polityka.pl\/adamczewski\/wp-json\/wp\/v2\/media?parent=11125"}],"wp:term":[{"taxonomy":"category","embeddable":true,"href":"https:\/\/blog.polityka.pl\/adamczewski\/wp-json\/wp\/v2\/categories?post=11125"},{"taxonomy":"post_tag","embeddable":true,"href":"https:\/\/blog.polityka.pl\/adamczewski\/wp-json\/wp\/v2\/tags?post=11125"}],"curies":[{"name":"wp","href":"https:\/\/api.w.org\/{rel}","templated":true}]}}