
{"id":11126,"date":"2012-07-09T11:08:45","date_gmt":"2012-07-09T10:08:45","guid":{"rendered":"http:\/\/adamczewscy.pl\/?p=3556"},"modified":"2012-07-09T11:08:45","modified_gmt":"2012-07-09T10:08:45","slug":"biszkopciki-z-dzemem-i-makiem","status":"publish","type":"post","link":"https:\/\/blog.polityka.pl\/adamczewski\/2012\/07\/09\/biszkopciki-z-dzemem-i-makiem\/","title":{"rendered":"Biszkopciki z d\u017cemem i makiem"},"content":{"rendered":"<p><em>Szklanka m\u0105ki, 3 jaja, ? szklanki cukru, kilka kropel zapachu waniliowego, \u0142y\u017cka maku, ? szklanki d\u017cemu<br \/>\nDo posmarowania blaszki: \u0142y\u017cka mas\u0142a<\/em><\/p>\n<p>1. Ubi\u0107 jaja z cukrem na parze na pulchn\u0105 mas\u0119, doda\u0107 m\u0105k\u0119 i delikatnie wymiesza\u0107.<br \/>\n2. Blaszk\u0119 posmarowa\u0107 mas\u0142em, uk\u0142ada\u0107 w du\u017cej odleg\u0142o\u015bci od siebie niedu\u017ce okr\u0105g\u0142e ciasteczka. Posypa\u0107 wierzch makiem.<br \/>\n3. Ostudzone ciasteczka smarowa\u0107 d\u017cemem i skleja\u0107 po dwa. <\/p>\n","protected":false},"excerpt":{"rendered":"<p>Szklanka m\u0105ki, 3 jaja, ? szklanki cukru, kilka kropel zapachu waniliowego, \u0142y\u017cka maku, ? szklanki d\u017cemu Do posmarowania blaszki: \u0142y\u017cka mas\u0142a 1. Ubi\u0107 jaja z cukrem na parze na pulchn\u0105 mas\u0119, doda\u0107 m\u0105k\u0119 i delikatnie wymiesza\u0107. 2. Blaszk\u0119 posmarowa\u0107 mas\u0142em, uk\u0142ada\u0107 w du\u017cej odleg\u0142o\u015bci od siebie niedu\u017ce okr\u0105g\u0142e ciasteczka. Posypa\u0107 wierzch makiem. 3. Ostudzone ciasteczka [&hellip;]<\/p>\n","protected":false},"author":2,"featured_media":0,"comment_status":"open","ping_status":"open","sticky":false,"template":"","format":"standard","meta":{"footnotes":""},"categories":[1],"tags":[],"_links":{"self":[{"href":"https:\/\/blog.polityka.pl\/adamczewski\/wp-json\/wp\/v2\/posts\/11126"}],"collection":[{"href":"https:\/\/blog.polityka.pl\/adamczewski\/wp-json\/wp\/v2\/posts"}],"about":[{"href":"https:\/\/blog.polityka.pl\/adamczewski\/wp-json\/wp\/v2\/types\/post"}],"author":[{"embeddable":true,"href":"https:\/\/blog.polityka.pl\/adamczewski\/wp-json\/wp\/v2\/users\/2"}],"replies":[{"embeddable":true,"href":"https:\/\/blog.polityka.pl\/adamczewski\/wp-json\/wp\/v2\/comments?post=11126"}],"version-history":[{"count":0,"href":"https:\/\/blog.polityka.pl\/adamczewski\/wp-json\/wp\/v2\/posts\/11126\/revisions"}],"wp:attachment":[{"href":"https:\/\/blog.polityka.pl\/adamczewski\/wp-json\/wp\/v2\/media?parent=11126"}],"wp:term":[{"taxonomy":"category","embeddable":true,"href":"https:\/\/blog.polityka.pl\/adamczewski\/wp-json\/wp\/v2\/categories?post=11126"},{"taxonomy":"post_tag","embeddable":true,"href":"https:\/\/blog.polityka.pl\/adamczewski\/wp-json\/wp\/v2\/tags?post=11126"}],"curies":[{"name":"wp","href":"https:\/\/api.w.org\/{rel}","templated":true}]}}