
{"id":11127,"date":"2012-07-09T11:09:58","date_gmt":"2012-07-09T10:09:58","guid":{"rendered":"http:\/\/adamczewscy.pl\/?p=3557"},"modified":"2012-07-09T11:09:58","modified_gmt":"2012-07-09T10:09:58","slug":"brokuly-z-sosem-czosnkowym-2","status":"publish","type":"post","link":"https:\/\/blog.polityka.pl\/adamczewski\/2012\/07\/09\/brokuly-z-sosem-czosnkowym-2\/","title":{"rendered":"Broku\u0142y z sosem czosnkowym"},"content":{"rendered":"<p><em>2 broku\u0142y, s\u00f3l<br \/>\nNa sos: 3 \u0142y\u017cki bulionu wo\u0142owego z kostki, dymka, szklanka g\u0119stej \u015bmietany 12-proc., 3 z\u0105bki czosnku, \u0142y\u017cka sosu sojowego, s\u00f3l, pieprz do smaku<\/em><\/p>\n<p>1. Broku\u0142y umy\u0107 i podzieli\u0107 na cz\u0105stki Na p\u00f3\u0142 godziny w\u0142o\u017cy\u0107 do naczynia z mocno osolon\u0105 wod\u0105. Po tym czasie ugotowa\u0107 najlepiej na parze.<br \/>\n2. Przygotowa\u0107 sos: posiekan\u0105 drobno dymk\u0119 wymiesza\u0107 z pozosta\u0142ymi sk\u0142adnikami sosu, doprawi\u0107 sol\u0105 i pieprzem.<br \/>\n3. Sosem pola\u0107 ugotowane broku\u0142y. <\/p>\n","protected":false},"excerpt":{"rendered":"<p>2 broku\u0142y, s\u00f3l Na sos: 3 \u0142y\u017cki bulionu wo\u0142owego z kostki, dymka, szklanka g\u0119stej \u015bmietany 12-proc., 3 z\u0105bki czosnku, \u0142y\u017cka sosu sojowego, s\u00f3l, pieprz do smaku 1. Broku\u0142y umy\u0107 i podzieli\u0107 na cz\u0105stki Na p\u00f3\u0142 godziny w\u0142o\u017cy\u0107 do naczynia z mocno osolon\u0105 wod\u0105. Po tym czasie ugotowa\u0107 najlepiej na parze. 2. Przygotowa\u0107 sos: posiekan\u0105 drobno [&hellip;]<\/p>\n","protected":false},"author":2,"featured_media":0,"comment_status":"open","ping_status":"open","sticky":false,"template":"","format":"standard","meta":{"footnotes":""},"categories":[1],"tags":[],"_links":{"self":[{"href":"https:\/\/blog.polityka.pl\/adamczewski\/wp-json\/wp\/v2\/posts\/11127"}],"collection":[{"href":"https:\/\/blog.polityka.pl\/adamczewski\/wp-json\/wp\/v2\/posts"}],"about":[{"href":"https:\/\/blog.polityka.pl\/adamczewski\/wp-json\/wp\/v2\/types\/post"}],"author":[{"embeddable":true,"href":"https:\/\/blog.polityka.pl\/adamczewski\/wp-json\/wp\/v2\/users\/2"}],"replies":[{"embeddable":true,"href":"https:\/\/blog.polityka.pl\/adamczewski\/wp-json\/wp\/v2\/comments?post=11127"}],"version-history":[{"count":0,"href":"https:\/\/blog.polityka.pl\/adamczewski\/wp-json\/wp\/v2\/posts\/11127\/revisions"}],"wp:attachment":[{"href":"https:\/\/blog.polityka.pl\/adamczewski\/wp-json\/wp\/v2\/media?parent=11127"}],"wp:term":[{"taxonomy":"category","embeddable":true,"href":"https:\/\/blog.polityka.pl\/adamczewski\/wp-json\/wp\/v2\/categories?post=11127"},{"taxonomy":"post_tag","embeddable":true,"href":"https:\/\/blog.polityka.pl\/adamczewski\/wp-json\/wp\/v2\/tags?post=11127"}],"curies":[{"name":"wp","href":"https:\/\/api.w.org\/{rel}","templated":true}]}}