
{"id":11128,"date":"2012-07-09T11:13:15","date_gmt":"2012-07-09T10:13:15","guid":{"rendered":"http:\/\/adamczewscy.pl\/?p=3558"},"modified":"2012-07-09T11:13:15","modified_gmt":"2012-07-09T10:13:15","slug":"ciasto-z-czeresniami","status":"publish","type":"post","link":"https:\/\/blog.polityka.pl\/adamczewski\/2012\/07\/09\/ciasto-z-czeresniami\/","title":{"rendered":"Ciasto z czere\u015bniami"},"content":{"rendered":"<p><em>? kg ciemnych czere\u015bni, 1\/4 szklanki cukru, 3\/4 szklanki m\u0105ki, 3 jajka, szklanka i ? szklanki mleka, s\u00f3l, 1\/4 szklanki cukru pudru i jeszcze troch\u0119 do posypania wierzchu ciasta<br \/>\nDo posmarowania tortownicy: \u0142y\u017cka mas\u0142a<\/em><\/p>\n<p>1. Czere\u015bnie wydrylowa\u0107, posypa\u0107 cukrem.<br \/>\n2. Jajka ubi\u0107 na puszyst\u0105 mas\u0119, doda\u0107 ubijaj\u0105c cukier puder, s\u00f3l i na koniec m\u0105k\u0119. Do puszystej masy wla\u0107 mleko, wymiesza\u0107.<br \/>\n3. Czere\u015bnie ods\u0105czy\u0107 z soku, u\u0142o\u017cy\u0107 w posmarowanej mas\u0142em tortownicy, zala\u0107 je ciastem.<br \/>\n4. Nagrza\u0107 piekarnik do 180 st. C i piec w nim ciasto 35-40 minut.<br \/>\nPosypa\u0107 ciasto cukrem pudrem i podawa\u0107 na ciep\u0142o lub na zimno. <\/p>\n","protected":false},"excerpt":{"rendered":"<p>? kg ciemnych czere\u015bni, 1\/4 szklanki cukru, 3\/4 szklanki m\u0105ki, 3 jajka, szklanka i ? szklanki mleka, s\u00f3l, 1\/4 szklanki cukru pudru i jeszcze troch\u0119 do posypania wierzchu ciasta Do posmarowania tortownicy: \u0142y\u017cka mas\u0142a 1. Czere\u015bnie wydrylowa\u0107, posypa\u0107 cukrem. 2. Jajka ubi\u0107 na puszyst\u0105 mas\u0119, doda\u0107 ubijaj\u0105c cukier puder, s\u00f3l i na koniec m\u0105k\u0119. Do [&hellip;]<\/p>\n","protected":false},"author":2,"featured_media":0,"comment_status":"open","ping_status":"open","sticky":false,"template":"","format":"standard","meta":{"footnotes":""},"categories":[1],"tags":[],"_links":{"self":[{"href":"https:\/\/blog.polityka.pl\/adamczewski\/wp-json\/wp\/v2\/posts\/11128"}],"collection":[{"href":"https:\/\/blog.polityka.pl\/adamczewski\/wp-json\/wp\/v2\/posts"}],"about":[{"href":"https:\/\/blog.polityka.pl\/adamczewski\/wp-json\/wp\/v2\/types\/post"}],"author":[{"embeddable":true,"href":"https:\/\/blog.polityka.pl\/adamczewski\/wp-json\/wp\/v2\/users\/2"}],"replies":[{"embeddable":true,"href":"https:\/\/blog.polityka.pl\/adamczewski\/wp-json\/wp\/v2\/comments?post=11128"}],"version-history":[{"count":0,"href":"https:\/\/blog.polityka.pl\/adamczewski\/wp-json\/wp\/v2\/posts\/11128\/revisions"}],"wp:attachment":[{"href":"https:\/\/blog.polityka.pl\/adamczewski\/wp-json\/wp\/v2\/media?parent=11128"}],"wp:term":[{"taxonomy":"category","embeddable":true,"href":"https:\/\/blog.polityka.pl\/adamczewski\/wp-json\/wp\/v2\/categories?post=11128"},{"taxonomy":"post_tag","embeddable":true,"href":"https:\/\/blog.polityka.pl\/adamczewski\/wp-json\/wp\/v2\/tags?post=11128"}],"curies":[{"name":"wp","href":"https:\/\/api.w.org\/{rel}","templated":true}]}}