
{"id":11129,"date":"2012-07-09T11:13:46","date_gmt":"2012-07-09T10:13:46","guid":{"rendered":"http:\/\/adamczewscy.pl\/?p=3559"},"modified":"2012-07-09T11:13:46","modified_gmt":"2012-07-09T10:13:46","slug":"chlodnik-z-truskawek","status":"publish","type":"post","link":"https:\/\/blog.polityka.pl\/adamczewski\/2012\/07\/09\/chlodnik-z-truskawek\/","title":{"rendered":"Ch\u0142odnik z truskawek"},"content":{"rendered":"<p><em>4 szklanki mleka 2-proc., szklanka \u015bmietany 18-proc., 50 dag truskawek, 2 \u017c\u00f3\u0142tka, 1\/2 szklanki cukru pudru, ok. szklanki lod\u00f3w bakaliowych, 12 biszkopt\u00f3w, kawa\u0142ek sk\u00f3rki pomara\u0144czowej<\/em><\/p>\n<p>1. Utrze\u0107 \u017c\u00f3\u0142tka z cukrem. Zagotowa\u0107 mleko i wlewa\u0107 je cienkim strumieniem do \u017c\u00f3\u0142tek ubijaj\u0105c energicznie trzepaczk\u0105. Wystudzi\u0107.<br \/>\n2. Truskawki obra\u0107 z szypu\u0142ek, zmiksowa\u0107 i wymiesza\u0107 z mlekiem z \u017c\u00f3\u0142tkami i \u015bmietan\u0105.<br \/>\n3. Lody i biszkopty na\u0142o\u017cy\u0107 do miseczek. Nalewa\u0107 ch\u0142odnik i przybiera\u0107 kawa\u0142eczkami sk\u00f3rki pomara\u0144czowej. <\/p>\n","protected":false},"excerpt":{"rendered":"<p>4 szklanki mleka 2-proc., szklanka \u015bmietany 18-proc., 50 dag truskawek, 2 \u017c\u00f3\u0142tka, 1\/2 szklanki cukru pudru, ok. szklanki lod\u00f3w bakaliowych, 12 biszkopt\u00f3w, kawa\u0142ek sk\u00f3rki pomara\u0144czowej 1. Utrze\u0107 \u017c\u00f3\u0142tka z cukrem. Zagotowa\u0107 mleko i wlewa\u0107 je cienkim strumieniem do \u017c\u00f3\u0142tek ubijaj\u0105c energicznie trzepaczk\u0105. Wystudzi\u0107. 2. Truskawki obra\u0107 z szypu\u0142ek, zmiksowa\u0107 i wymiesza\u0107 z mlekiem z \u017c\u00f3\u0142tkami [&hellip;]<\/p>\n","protected":false},"author":2,"featured_media":0,"comment_status":"open","ping_status":"open","sticky":false,"template":"","format":"standard","meta":{"footnotes":""},"categories":[1],"tags":[],"_links":{"self":[{"href":"https:\/\/blog.polityka.pl\/adamczewski\/wp-json\/wp\/v2\/posts\/11129"}],"collection":[{"href":"https:\/\/blog.polityka.pl\/adamczewski\/wp-json\/wp\/v2\/posts"}],"about":[{"href":"https:\/\/blog.polityka.pl\/adamczewski\/wp-json\/wp\/v2\/types\/post"}],"author":[{"embeddable":true,"href":"https:\/\/blog.polityka.pl\/adamczewski\/wp-json\/wp\/v2\/users\/2"}],"replies":[{"embeddable":true,"href":"https:\/\/blog.polityka.pl\/adamczewski\/wp-json\/wp\/v2\/comments?post=11129"}],"version-history":[{"count":0,"href":"https:\/\/blog.polityka.pl\/adamczewski\/wp-json\/wp\/v2\/posts\/11129\/revisions"}],"wp:attachment":[{"href":"https:\/\/blog.polityka.pl\/adamczewski\/wp-json\/wp\/v2\/media?parent=11129"}],"wp:term":[{"taxonomy":"category","embeddable":true,"href":"https:\/\/blog.polityka.pl\/adamczewski\/wp-json\/wp\/v2\/categories?post=11129"},{"taxonomy":"post_tag","embeddable":true,"href":"https:\/\/blog.polityka.pl\/adamczewski\/wp-json\/wp\/v2\/tags?post=11129"}],"curies":[{"name":"wp","href":"https:\/\/api.w.org\/{rel}","templated":true}]}}