
{"id":11130,"date":"2012-07-12T15:23:35","date_gmt":"2012-07-12T14:23:35","guid":{"rendered":"http:\/\/adamczewscy.pl\/?p=3560"},"modified":"2012-07-12T15:23:35","modified_gmt":"2012-07-12T14:23:35","slug":"ciasteczka-biszkoptowe","status":"publish","type":"post","link":"https:\/\/blog.polityka.pl\/adamczewski\/2012\/07\/12\/ciasteczka-biszkoptowe\/","title":{"rendered":"Ciasteczka biszkoptowe"},"content":{"rendered":"<p><em>4 jaja, 4 \u0142y\u017cki cukru, 3\/4 szklanki m\u0105ki pszennej i \u0142y\u017cka m\u0105ki ziemniaczanej, 1\/2 szklanki orzech\u00f3w laskowych<br \/>\nDo posmarowania blaszki: \u0142y\u017cka mas\u0142a<br \/>\nDo wysypania blaszki: \u0142y\u017cka tartej bu\u0142ki<\/em><\/p>\n<p>1. Oddzieli\u0107 bia\u0142ka od \u017c\u00f3\u0142tek. Z bia\u0142ek ubi\u0107 sztywn\u0105 pian\u0119, pod koniec dodawa\u0107 po trochu cukier, a nast\u0119pnie, mieszaj\u0105c, doda\u0107 po kolei \u017c\u00f3\u0142tka.<br \/>\n2. Do jajecznej masy doda\u0107 oba rodzaje m\u0105ki, ostro\u017cnie lecz dok\u0142adnie wymiesza\u0107.<br \/>\n3. Uk\u0142ada\u0107 ciasto \u0142y\u017ceczk\u0105 na wysmarowanej i wysypanej bu\u0142eczk\u0105 blaszce.<br \/>\n4. Orzechy grubo posieka\u0107, posypa\u0107 wierzchy ciasteczek.<br \/>\n5. Piec w temperaturze 175 st. C oko\u0142o 15-20 minut. <\/p>\n","protected":false},"excerpt":{"rendered":"<p>4 jaja, 4 \u0142y\u017cki cukru, 3\/4 szklanki m\u0105ki pszennej i \u0142y\u017cka m\u0105ki ziemniaczanej, 1\/2 szklanki orzech\u00f3w laskowych Do posmarowania blaszki: \u0142y\u017cka mas\u0142a Do wysypania blaszki: \u0142y\u017cka tartej bu\u0142ki 1. Oddzieli\u0107 bia\u0142ka od \u017c\u00f3\u0142tek. Z bia\u0142ek ubi\u0107 sztywn\u0105 pian\u0119, pod koniec dodawa\u0107 po trochu cukier, a nast\u0119pnie, mieszaj\u0105c, doda\u0107 po kolei \u017c\u00f3\u0142tka. 2. Do jajecznej masy [&hellip;]<\/p>\n","protected":false},"author":2,"featured_media":0,"comment_status":"open","ping_status":"open","sticky":false,"template":"","format":"standard","meta":{"footnotes":""},"categories":[1],"tags":[],"_links":{"self":[{"href":"https:\/\/blog.polityka.pl\/adamczewski\/wp-json\/wp\/v2\/posts\/11130"}],"collection":[{"href":"https:\/\/blog.polityka.pl\/adamczewski\/wp-json\/wp\/v2\/posts"}],"about":[{"href":"https:\/\/blog.polityka.pl\/adamczewski\/wp-json\/wp\/v2\/types\/post"}],"author":[{"embeddable":true,"href":"https:\/\/blog.polityka.pl\/adamczewski\/wp-json\/wp\/v2\/users\/2"}],"replies":[{"embeddable":true,"href":"https:\/\/blog.polityka.pl\/adamczewski\/wp-json\/wp\/v2\/comments?post=11130"}],"version-history":[{"count":0,"href":"https:\/\/blog.polityka.pl\/adamczewski\/wp-json\/wp\/v2\/posts\/11130\/revisions"}],"wp:attachment":[{"href":"https:\/\/blog.polityka.pl\/adamczewski\/wp-json\/wp\/v2\/media?parent=11130"}],"wp:term":[{"taxonomy":"category","embeddable":true,"href":"https:\/\/blog.polityka.pl\/adamczewski\/wp-json\/wp\/v2\/categories?post=11130"},{"taxonomy":"post_tag","embeddable":true,"href":"https:\/\/blog.polityka.pl\/adamczewski\/wp-json\/wp\/v2\/tags?post=11130"}],"curies":[{"name":"wp","href":"https:\/\/api.w.org\/{rel}","templated":true}]}}