
{"id":11131,"date":"2012-07-12T15:24:14","date_gmt":"2012-07-12T14:24:14","guid":{"rendered":"http:\/\/adamczewscy.pl\/?p=3561"},"modified":"2012-07-12T15:24:14","modified_gmt":"2012-07-12T14:24:14","slug":"francuskie-ciastka","status":"publish","type":"post","link":"https:\/\/blog.polityka.pl\/adamczewski\/2012\/07\/12\/francuskie-ciastka\/","title":{"rendered":"Francuskie ciastka"},"content":{"rendered":"<p><em>35 dag m\u0105ki (ok. 2 szklanek), 25 dag mas\u0142a, 3 \u017c\u00f3\u0142tka, 2 \u0142y\u017cki g\u0119stej \u015bmietany, 2 dag dro\u017cd\u017cy<br \/>\nDo smarowania: bia\u0142ko<br \/>\nDo posypania: 2 \u0142y\u017cki grubego cukru<\/em><\/p>\n<p>1. Wszystkie sk\u0142adniki ciasta umiesi\u0107 na stolnicy i sieka\u0107 szerokim no\u017cem , a\u017c powstanie ciasto. Trwa to do\u015b\u0107 d\u0142ugo, ale nie jest trudne a efekt murowany.<br \/>\n2. Ciasto uformowa\u0107 w kul\u0119 i umie\u015bci\u0107 na godzin\u0119 w lod\u00f3wce.<br \/>\n3. Po tym czasie wyj\u0105\u0107 z lod\u00f3wki, rozwa\u0142kowywa\u0107 po kawa\u0142ku i wycina\u0107 tr\u00f3jk\u0105tne lub okr\u0105g\u0142e ciasteczka. Smarowa\u0107 wierzch bia\u0142kiem i posypywa\u0107 cukrem.<br \/>\n4. W piekarniku nagrzanym do 220 st. C piec ciasteczka na z\u0142ocisto. <\/p>\n","protected":false},"excerpt":{"rendered":"<p>35 dag m\u0105ki (ok. 2 szklanek), 25 dag mas\u0142a, 3 \u017c\u00f3\u0142tka, 2 \u0142y\u017cki g\u0119stej \u015bmietany, 2 dag dro\u017cd\u017cy Do smarowania: bia\u0142ko Do posypania: 2 \u0142y\u017cki grubego cukru 1. Wszystkie sk\u0142adniki ciasta umiesi\u0107 na stolnicy i sieka\u0107 szerokim no\u017cem , a\u017c powstanie ciasto. Trwa to do\u015b\u0107 d\u0142ugo, ale nie jest trudne a efekt murowany. 2. Ciasto [&hellip;]<\/p>\n","protected":false},"author":2,"featured_media":0,"comment_status":"open","ping_status":"open","sticky":false,"template":"","format":"standard","meta":{"footnotes":""},"categories":[1],"tags":[],"_links":{"self":[{"href":"https:\/\/blog.polityka.pl\/adamczewski\/wp-json\/wp\/v2\/posts\/11131"}],"collection":[{"href":"https:\/\/blog.polityka.pl\/adamczewski\/wp-json\/wp\/v2\/posts"}],"about":[{"href":"https:\/\/blog.polityka.pl\/adamczewski\/wp-json\/wp\/v2\/types\/post"}],"author":[{"embeddable":true,"href":"https:\/\/blog.polityka.pl\/adamczewski\/wp-json\/wp\/v2\/users\/2"}],"replies":[{"embeddable":true,"href":"https:\/\/blog.polityka.pl\/adamczewski\/wp-json\/wp\/v2\/comments?post=11131"}],"version-history":[{"count":0,"href":"https:\/\/blog.polityka.pl\/adamczewski\/wp-json\/wp\/v2\/posts\/11131\/revisions"}],"wp:attachment":[{"href":"https:\/\/blog.polityka.pl\/adamczewski\/wp-json\/wp\/v2\/media?parent=11131"}],"wp:term":[{"taxonomy":"category","embeddable":true,"href":"https:\/\/blog.polityka.pl\/adamczewski\/wp-json\/wp\/v2\/categories?post=11131"},{"taxonomy":"post_tag","embeddable":true,"href":"https:\/\/blog.polityka.pl\/adamczewski\/wp-json\/wp\/v2\/tags?post=11131"}],"curies":[{"name":"wp","href":"https:\/\/api.w.org\/{rel}","templated":true}]}}