
{"id":11132,"date":"2012-07-12T15:24:45","date_gmt":"2012-07-12T14:24:45","guid":{"rendered":"http:\/\/adamczewscy.pl\/?p=3562"},"modified":"2012-07-12T15:24:45","modified_gmt":"2012-07-12T14:24:45","slug":"kotlety-cielece-z-szalwia","status":"publish","type":"post","link":"https:\/\/blog.polityka.pl\/adamczewski\/2012\/07\/12\/kotlety-cielece-z-szalwia\/","title":{"rendered":"Kotlety ciel\u0119ce z sza\u0142wi\u0105"},"content":{"rendered":"<p><em>4 plastry ciel\u0119ciny, jajko, 4 tosty z chleba tostowego, 2 kopiaste \u0142y\u017cki m\u0105ki, 20 listk\u00f3w \u015bwie\u017cej sza\u0142wii, s\u00f3l, pieprz, 1\/3 szklanki oleju do sma\u017cenia<\/em><\/p>\n<p>1. Plastry mi\u0119sa rozbi\u0107 t\u0142uczkiem do mi\u0119sa na kszta\u0142tne \u0141\u0105dne sznycle, lekko posypa\u0107 pieprzem i sol\u0105.<br \/>\n2. Porwa\u0107 r\u0119kami mi\u0105\u017csz tost\u00f3w, doda\u0107 listki sza\u0142wii i razem posieka\u0107.<br \/>\n3. Na jednym talerzyku umie\u015bci\u0107 m\u0105k\u0119, na drugim rozbite jajko, na trzecim tosty z sza\u0142wi\u0105.<br \/>\n4. Obtacza\u0107 sznycle najpierw w m\u0105ce, potem w jajku a na koniec w okruchach z sza\u0142wi\u0105.<br \/>\n5. Na rozgrzanym oleju sma\u017cy\u0107 mi\u0119so z obu stron na rumiano. <\/p>\n","protected":false},"excerpt":{"rendered":"<p>4 plastry ciel\u0119ciny, jajko, 4 tosty z chleba tostowego, 2 kopiaste \u0142y\u017cki m\u0105ki, 20 listk\u00f3w \u015bwie\u017cej sza\u0142wii, s\u00f3l, pieprz, 1\/3 szklanki oleju do sma\u017cenia 1. Plastry mi\u0119sa rozbi\u0107 t\u0142uczkiem do mi\u0119sa na kszta\u0142tne \u0141\u0105dne sznycle, lekko posypa\u0107 pieprzem i sol\u0105. 2. Porwa\u0107 r\u0119kami mi\u0105\u017csz tost\u00f3w, doda\u0107 listki sza\u0142wii i razem posieka\u0107. 3. Na jednym talerzyku [&hellip;]<\/p>\n","protected":false},"author":2,"featured_media":0,"comment_status":"open","ping_status":"open","sticky":false,"template":"","format":"standard","meta":{"footnotes":""},"categories":[1],"tags":[],"_links":{"self":[{"href":"https:\/\/blog.polityka.pl\/adamczewski\/wp-json\/wp\/v2\/posts\/11132"}],"collection":[{"href":"https:\/\/blog.polityka.pl\/adamczewski\/wp-json\/wp\/v2\/posts"}],"about":[{"href":"https:\/\/blog.polityka.pl\/adamczewski\/wp-json\/wp\/v2\/types\/post"}],"author":[{"embeddable":true,"href":"https:\/\/blog.polityka.pl\/adamczewski\/wp-json\/wp\/v2\/users\/2"}],"replies":[{"embeddable":true,"href":"https:\/\/blog.polityka.pl\/adamczewski\/wp-json\/wp\/v2\/comments?post=11132"}],"version-history":[{"count":0,"href":"https:\/\/blog.polityka.pl\/adamczewski\/wp-json\/wp\/v2\/posts\/11132\/revisions"}],"wp:attachment":[{"href":"https:\/\/blog.polityka.pl\/adamczewski\/wp-json\/wp\/v2\/media?parent=11132"}],"wp:term":[{"taxonomy":"category","embeddable":true,"href":"https:\/\/blog.polityka.pl\/adamczewski\/wp-json\/wp\/v2\/categories?post=11132"},{"taxonomy":"post_tag","embeddable":true,"href":"https:\/\/blog.polityka.pl\/adamczewski\/wp-json\/wp\/v2\/tags?post=11132"}],"curies":[{"name":"wp","href":"https:\/\/api.w.org\/{rel}","templated":true}]}}