
{"id":11133,"date":"2012-07-12T15:25:23","date_gmt":"2012-07-12T14:25:23","guid":{"rendered":"http:\/\/adamczewscy.pl\/?p=3563"},"modified":"2012-07-12T15:25:23","modified_gmt":"2012-07-12T14:25:23","slug":"ziemniaczane-bliny-z-lososiem","status":"publish","type":"post","link":"https:\/\/blog.polityka.pl\/adamczewski\/2012\/07\/12\/ziemniaczane-bliny-z-lososiem\/","title":{"rendered":"Ziemniaczane bliny z \u0142ososiem"},"content":{"rendered":"<p><em>4-6 du\u017cych ziemniak\u00f3w, ma\u0142e jajko, 3 \u0142y\u017cki oleju, 4 p\u0142askie \u0142y\u017cki m\u0105ki, 2 \u0142y\u017cki \u015bmietany, 10 dag w\u0119dzonego \u0142ososia, \u0142y\u017ceczka posiekanego koperku, s\u00f3l, pieprz, skrojona cieniutko sk\u00f3rka z po\u0142owy cytryny<\/em><\/p>\n<p>1. Ziemniaki obra\u0107, zetrze\u0107 na jarzynowej tarce i odstawi\u0107 na chwil\u0119 w sitku, aby ods\u0105czy\u0107 jak najwi\u0119cej p\u0142ynu, mo\u017cna naciskaj\u0105c \u0142y\u017ck\u0105 odcisn\u0105\u0107 go dok\u0142adniej.<br \/>\n2. Do startych ziemniak\u00f3w doda\u0107 m\u0105k\u0119, jajko, s\u00f3l i pieprz. Wymiesza\u0107.<br \/>\n3. Rozgrzewa\u0107 na patelni po trochu oleju i sma\u017cy\u0107 cienkie placuszki owalnego kszta\u0142tu.<br \/>\n4. Na ka\u017cdym ziemniaczanym blinie uk\u0142ada\u0107 odrobin\u0119 \u015bmietany , kawa\u0142eczek \u0142ososia, star\u0105 sk\u00f3rk\u0119 cytrynow\u0105 i szczypt\u0119 posiekanego koperku. <\/p>\n","protected":false},"excerpt":{"rendered":"<p>4-6 du\u017cych ziemniak\u00f3w, ma\u0142e jajko, 3 \u0142y\u017cki oleju, 4 p\u0142askie \u0142y\u017cki m\u0105ki, 2 \u0142y\u017cki \u015bmietany, 10 dag w\u0119dzonego \u0142ososia, \u0142y\u017ceczka posiekanego koperku, s\u00f3l, pieprz, skrojona cieniutko sk\u00f3rka z po\u0142owy cytryny 1. Ziemniaki obra\u0107, zetrze\u0107 na jarzynowej tarce i odstawi\u0107 na chwil\u0119 w sitku, aby ods\u0105czy\u0107 jak najwi\u0119cej p\u0142ynu, mo\u017cna naciskaj\u0105c \u0142y\u017ck\u0105 odcisn\u0105\u0107 go dok\u0142adniej. 2. [&hellip;]<\/p>\n","protected":false},"author":2,"featured_media":0,"comment_status":"open","ping_status":"open","sticky":false,"template":"","format":"standard","meta":{"footnotes":""},"categories":[1],"tags":[],"_links":{"self":[{"href":"https:\/\/blog.polityka.pl\/adamczewski\/wp-json\/wp\/v2\/posts\/11133"}],"collection":[{"href":"https:\/\/blog.polityka.pl\/adamczewski\/wp-json\/wp\/v2\/posts"}],"about":[{"href":"https:\/\/blog.polityka.pl\/adamczewski\/wp-json\/wp\/v2\/types\/post"}],"author":[{"embeddable":true,"href":"https:\/\/blog.polityka.pl\/adamczewski\/wp-json\/wp\/v2\/users\/2"}],"replies":[{"embeddable":true,"href":"https:\/\/blog.polityka.pl\/adamczewski\/wp-json\/wp\/v2\/comments?post=11133"}],"version-history":[{"count":0,"href":"https:\/\/blog.polityka.pl\/adamczewski\/wp-json\/wp\/v2\/posts\/11133\/revisions"}],"wp:attachment":[{"href":"https:\/\/blog.polityka.pl\/adamczewski\/wp-json\/wp\/v2\/media?parent=11133"}],"wp:term":[{"taxonomy":"category","embeddable":true,"href":"https:\/\/blog.polityka.pl\/adamczewski\/wp-json\/wp\/v2\/categories?post=11133"},{"taxonomy":"post_tag","embeddable":true,"href":"https:\/\/blog.polityka.pl\/adamczewski\/wp-json\/wp\/v2\/tags?post=11133"}],"curies":[{"name":"wp","href":"https:\/\/api.w.org\/{rel}","templated":true}]}}