
{"id":11134,"date":"2012-07-12T15:26:14","date_gmt":"2012-07-12T14:26:14","guid":{"rendered":"http:\/\/adamczewscy.pl\/?p=3564"},"modified":"2012-07-12T15:26:14","modified_gmt":"2012-07-12T14:26:14","slug":"pyszny-ryz-obiadowy","status":"publish","type":"post","link":"https:\/\/blog.polityka.pl\/adamczewski\/2012\/07\/12\/pyszny-ryz-obiadowy\/","title":{"rendered":"Pyszny ry\u017c obiadowy"},"content":{"rendered":"<p><em>45 dag ry\u017cu, 5 do\u015b\u0107 du\u017cych pomidor\u00f3w, 2 \u015brednie cebule, \u0142y\u017cka posiekanego \u015bwie\u017cego imbiru, 2 z\u0105bki czosnku, ? \u0142y\u017ceczki kurkumy, ? \u0142y\u017ceczki ostrej papryki w proszku, \u015bwie\u017ca papryczka chili, 3 \u0142y\u017cki oleju, 2 szklanki wody, s\u00f3l<\/em><\/p>\n<p>1. W du\u017cym garnku rozgrza\u0107 olej, wrzuci\u0107 pokrojon\u0105 w kr\u0105\u017cki cebul\u0119, lekko zrumieni\u0107, doda\u0107 imbir, kurkum\u0119 i ostr\u0105 papryk\u0119, zmniejszy\u0107 ogie\u0144 i doda\u0107 jeszcze przeci\u015bni\u0119ty przez prask\u0119 czosnek.<br \/>\n2. Po chwili doda\u0107 pokrojone na cz\u0105stki pomidory i dusi\u0107 chwil\u0119 wszystko razem.<br \/>\n3. Do garnka doda\u0107 ry\u017c, wymiesza\u0107, wla\u0107 2 szklanki wody, doda\u0107 s\u00f3l, pokrojon\u0105 na \u0107wiartki papryczk\u0119 chili i dusi\u0107 wszystko razem pod przykryw\u0105 do mi\u0119kko\u015bci. <\/p>\n","protected":false},"excerpt":{"rendered":"<p>45 dag ry\u017cu, 5 do\u015b\u0107 du\u017cych pomidor\u00f3w, 2 \u015brednie cebule, \u0142y\u017cka posiekanego \u015bwie\u017cego imbiru, 2 z\u0105bki czosnku, ? \u0142y\u017ceczki kurkumy, ? \u0142y\u017ceczki ostrej papryki w proszku, \u015bwie\u017ca papryczka chili, 3 \u0142y\u017cki oleju, 2 szklanki wody, s\u00f3l 1. W du\u017cym garnku rozgrza\u0107 olej, wrzuci\u0107 pokrojon\u0105 w kr\u0105\u017cki cebul\u0119, lekko zrumieni\u0107, doda\u0107 imbir, kurkum\u0119 i ostr\u0105 papryk\u0119, [&hellip;]<\/p>\n","protected":false},"author":2,"featured_media":0,"comment_status":"open","ping_status":"open","sticky":false,"template":"","format":"standard","meta":{"footnotes":""},"categories":[1],"tags":[],"_links":{"self":[{"href":"https:\/\/blog.polityka.pl\/adamczewski\/wp-json\/wp\/v2\/posts\/11134"}],"collection":[{"href":"https:\/\/blog.polityka.pl\/adamczewski\/wp-json\/wp\/v2\/posts"}],"about":[{"href":"https:\/\/blog.polityka.pl\/adamczewski\/wp-json\/wp\/v2\/types\/post"}],"author":[{"embeddable":true,"href":"https:\/\/blog.polityka.pl\/adamczewski\/wp-json\/wp\/v2\/users\/2"}],"replies":[{"embeddable":true,"href":"https:\/\/blog.polityka.pl\/adamczewski\/wp-json\/wp\/v2\/comments?post=11134"}],"version-history":[{"count":0,"href":"https:\/\/blog.polityka.pl\/adamczewski\/wp-json\/wp\/v2\/posts\/11134\/revisions"}],"wp:attachment":[{"href":"https:\/\/blog.polityka.pl\/adamczewski\/wp-json\/wp\/v2\/media?parent=11134"}],"wp:term":[{"taxonomy":"category","embeddable":true,"href":"https:\/\/blog.polityka.pl\/adamczewski\/wp-json\/wp\/v2\/categories?post=11134"},{"taxonomy":"post_tag","embeddable":true,"href":"https:\/\/blog.polityka.pl\/adamczewski\/wp-json\/wp\/v2\/tags?post=11134"}],"curies":[{"name":"wp","href":"https:\/\/api.w.org\/{rel}","templated":true}]}}