
{"id":11137,"date":"2012-07-19T17:03:35","date_gmt":"2012-07-19T16:03:35","guid":{"rendered":"http:\/\/adamczewscy.pl\/?p=3568"},"modified":"2012-07-19T17:03:35","modified_gmt":"2012-07-19T16:03:35","slug":"pieczone-brzoskwinie","status":"publish","type":"post","link":"https:\/\/blog.polityka.pl\/adamczewski\/2012\/07\/19\/pieczone-brzoskwinie\/","title":{"rendered":"Pieczone brzoskwinie"},"content":{"rendered":"<p><em>4 brzoskwinie, 4 \u0142y\u017cki rumu, \u0142y\u017cka mas\u0142a, kawa\u0142ek cynamonu, 5 go\u017adzik\u00f3w, 4 nasiona kardamonu, 1\/2 \u0142y\u017ceczki nasion kolendry, 2 li\u015bcie laurowe, gwiazdka any\u017cu<\/em><\/p>\n<p>1. Umyte brzoskwinie przekroi\u0107 na po\u0142owy, usun\u0105\u0107 pestki.<br \/>\n2. Posmarowa\u0107 po\u0142owa mas\u0142a \u017caroodporny p\u00f3\u0142miseczek, u\u0142o\u017cy\u0107 brzoskwinie przekrojem do g\u00f3ry, na ka\u017cdym owocu u\u0142o\u017cy\u0107 kawa\u0142eczek mas\u0142a, skropi\u0107 rumem.<br \/>\n3. Pouk\u0142ada\u0107 na owocach wymienione przyprawy, okry\u0107 foli\u0105 aluminiow\u0105. W nagrzanym do 180 st. C piekarniku piec owoce 30 minut, przy czym po 15 minutach na chwile odkry\u0107 brzoskwinie i obficie pola\u0107 wytworzonym sosem. <\/p>\n","protected":false},"excerpt":{"rendered":"<p>4 brzoskwinie, 4 \u0142y\u017cki rumu, \u0142y\u017cka mas\u0142a, kawa\u0142ek cynamonu, 5 go\u017adzik\u00f3w, 4 nasiona kardamonu, 1\/2 \u0142y\u017ceczki nasion kolendry, 2 li\u015bcie laurowe, gwiazdka any\u017cu 1. Umyte brzoskwinie przekroi\u0107 na po\u0142owy, usun\u0105\u0107 pestki. 2. Posmarowa\u0107 po\u0142owa mas\u0142a \u017caroodporny p\u00f3\u0142miseczek, u\u0142o\u017cy\u0107 brzoskwinie przekrojem do g\u00f3ry, na ka\u017cdym owocu u\u0142o\u017cy\u0107 kawa\u0142eczek mas\u0142a, skropi\u0107 rumem. 3. Pouk\u0142ada\u0107 na owocach wymienione [&hellip;]<\/p>\n","protected":false},"author":2,"featured_media":0,"comment_status":"open","ping_status":"open","sticky":false,"template":"","format":"standard","meta":{"footnotes":""},"categories":[1],"tags":[],"_links":{"self":[{"href":"https:\/\/blog.polityka.pl\/adamczewski\/wp-json\/wp\/v2\/posts\/11137"}],"collection":[{"href":"https:\/\/blog.polityka.pl\/adamczewski\/wp-json\/wp\/v2\/posts"}],"about":[{"href":"https:\/\/blog.polityka.pl\/adamczewski\/wp-json\/wp\/v2\/types\/post"}],"author":[{"embeddable":true,"href":"https:\/\/blog.polityka.pl\/adamczewski\/wp-json\/wp\/v2\/users\/2"}],"replies":[{"embeddable":true,"href":"https:\/\/blog.polityka.pl\/adamczewski\/wp-json\/wp\/v2\/comments?post=11137"}],"version-history":[{"count":0,"href":"https:\/\/blog.polityka.pl\/adamczewski\/wp-json\/wp\/v2\/posts\/11137\/revisions"}],"wp:attachment":[{"href":"https:\/\/blog.polityka.pl\/adamczewski\/wp-json\/wp\/v2\/media?parent=11137"}],"wp:term":[{"taxonomy":"category","embeddable":true,"href":"https:\/\/blog.polityka.pl\/adamczewski\/wp-json\/wp\/v2\/categories?post=11137"},{"taxonomy":"post_tag","embeddable":true,"href":"https:\/\/blog.polityka.pl\/adamczewski\/wp-json\/wp\/v2\/tags?post=11137"}],"curies":[{"name":"wp","href":"https:\/\/api.w.org\/{rel}","templated":true}]}}