
{"id":11140,"date":"2012-07-19T18:51:25","date_gmt":"2012-07-19T17:51:25","guid":{"rendered":"http:\/\/adamczewscy.pl\/?p=3571"},"modified":"2012-07-19T18:51:25","modified_gmt":"2012-07-19T17:51:25","slug":"zupa-jagodowa","status":"publish","type":"post","link":"https:\/\/blog.polityka.pl\/adamczewski\/2012\/07\/19\/zupa-jagodowa\/","title":{"rendered":"Zupa jagodowa"},"content":{"rendered":"<p><em>2 kg jag\u00f3d, 25 dag cukru, kawa\u0142ek cynamonu, 1\/2 \u0142y\u017cki m\u0105ki pszennej<\/em><\/p>\n<p>1. Jagody umy\u0107, po odsypaniu szklanki owoc\u00f3w pozosta\u0142e zala\u0107 tak\u0105 ilo\u015bci\u0105 wody, aby jedynie przykry\u0142a owoce, zagotowa\u0107. Kiedy pop\u0119kaj\u0105 przetrze\u0107 przez sito i odstawi\u0107, aby opad\u0142y cz\u0105stki owoc\u00f3w.<br \/>\n2. Zla\u0107 sam sok pozostawiaj\u0105c cz\u0105stki owoc\u00f3w, doda\u0107 cukier i cynamon, wla\u0107 ? szklanki wody wymieszanej z m\u0105k\u0105 i zagotowa\u0107.<br \/>\nZup\u0119 mo\u017cna podawa\u0107 na ciep\u0142o szerokim (najlepiej domowym) makaronem lub na zimno z kruchymi ciasteczkami. <\/p>\n","protected":false},"excerpt":{"rendered":"<p>2 kg jag\u00f3d, 25 dag cukru, kawa\u0142ek cynamonu, 1\/2 \u0142y\u017cki m\u0105ki pszennej 1. Jagody umy\u0107, po odsypaniu szklanki owoc\u00f3w pozosta\u0142e zala\u0107 tak\u0105 ilo\u015bci\u0105 wody, aby jedynie przykry\u0142a owoce, zagotowa\u0107. Kiedy pop\u0119kaj\u0105 przetrze\u0107 przez sito i odstawi\u0107, aby opad\u0142y cz\u0105stki owoc\u00f3w. 2. Zla\u0107 sam sok pozostawiaj\u0105c cz\u0105stki owoc\u00f3w, doda\u0107 cukier i cynamon, wla\u0107 ? szklanki wody [&hellip;]<\/p>\n","protected":false},"author":2,"featured_media":0,"comment_status":"open","ping_status":"open","sticky":false,"template":"","format":"standard","meta":{"footnotes":""},"categories":[1],"tags":[],"_links":{"self":[{"href":"https:\/\/blog.polityka.pl\/adamczewski\/wp-json\/wp\/v2\/posts\/11140"}],"collection":[{"href":"https:\/\/blog.polityka.pl\/adamczewski\/wp-json\/wp\/v2\/posts"}],"about":[{"href":"https:\/\/blog.polityka.pl\/adamczewski\/wp-json\/wp\/v2\/types\/post"}],"author":[{"embeddable":true,"href":"https:\/\/blog.polityka.pl\/adamczewski\/wp-json\/wp\/v2\/users\/2"}],"replies":[{"embeddable":true,"href":"https:\/\/blog.polityka.pl\/adamczewski\/wp-json\/wp\/v2\/comments?post=11140"}],"version-history":[{"count":0,"href":"https:\/\/blog.polityka.pl\/adamczewski\/wp-json\/wp\/v2\/posts\/11140\/revisions"}],"wp:attachment":[{"href":"https:\/\/blog.polityka.pl\/adamczewski\/wp-json\/wp\/v2\/media?parent=11140"}],"wp:term":[{"taxonomy":"category","embeddable":true,"href":"https:\/\/blog.polityka.pl\/adamczewski\/wp-json\/wp\/v2\/categories?post=11140"},{"taxonomy":"post_tag","embeddable":true,"href":"https:\/\/blog.polityka.pl\/adamczewski\/wp-json\/wp\/v2\/tags?post=11140"}],"curies":[{"name":"wp","href":"https:\/\/api.w.org\/{rel}","templated":true}]}}