
{"id":11141,"date":"2012-07-19T18:52:07","date_gmt":"2012-07-19T17:52:07","guid":{"rendered":"http:\/\/adamczewscy.pl\/?p=3572"},"modified":"2012-07-19T18:52:07","modified_gmt":"2012-07-19T17:52:07","slug":"uda-kurczece-z-cynamonowym-sosem","status":"publish","type":"post","link":"https:\/\/blog.polityka.pl\/adamczewski\/2012\/07\/19\/uda-kurczece-z-cynamonowym-sosem\/","title":{"rendered":"Uda kurcz\u0119ce z cynamonowym sosem"},"content":{"rendered":"<p><em>4 uda kurcz\u0119ce (oko\u0142o 80 dag \u0142\u0105cznie) , 4 dojrza\u0142e pomara\u0144cze, 2 dymki, 2 \u0142y\u017cki mas\u0142a, 2 \u0142y\u017ceczki cynamonu, 5 go\u017adzik\u00f3w opakowanie przyprawy do kurczaka<\/em><\/p>\n<p>1. Mi\u0119so umy\u0107, posypa\u0107 przypraw\u0105 do kurczaka, od\u0142o\u017cy\u0107 na kilka godzin do lod\u00f3wki.<br \/>\n2. Cebul\u0119 obra\u0107 i pokroi\u0107 w pi\u00f3rka, z 2 pomara\u0144czy wycisn\u0105\u0107 sok. Pozosta\u0142e obra\u0107 i podzieli\u0107 na cz\u0105stki.<br \/>\n3. Na patelni rozgrza\u0107 mas\u0142o, zrumieni\u0107 na nim kurczaka, posypa\u0107 cynamonem i go\u017adzikami. Pod przykryciem dusi\u0107 razem 20 minut.<br \/>\n4. Pola\u0107 mi\u0119so sokiem pomara\u0144czowym i dalaj razem gotowa\u0107 staraj\u0105c si\u0119 odparowa\u0107 cz\u0119\u015b\u0107 sosu. <\/p>\n","protected":false},"excerpt":{"rendered":"<p>4 uda kurcz\u0119ce (oko\u0142o 80 dag \u0142\u0105cznie) , 4 dojrza\u0142e pomara\u0144cze, 2 dymki, 2 \u0142y\u017cki mas\u0142a, 2 \u0142y\u017ceczki cynamonu, 5 go\u017adzik\u00f3w opakowanie przyprawy do kurczaka 1. Mi\u0119so umy\u0107, posypa\u0107 przypraw\u0105 do kurczaka, od\u0142o\u017cy\u0107 na kilka godzin do lod\u00f3wki. 2. Cebul\u0119 obra\u0107 i pokroi\u0107 w pi\u00f3rka, z 2 pomara\u0144czy wycisn\u0105\u0107 sok. Pozosta\u0142e obra\u0107 i podzieli\u0107 na [&hellip;]<\/p>\n","protected":false},"author":2,"featured_media":0,"comment_status":"open","ping_status":"open","sticky":false,"template":"","format":"standard","meta":{"footnotes":""},"categories":[1],"tags":[],"_links":{"self":[{"href":"https:\/\/blog.polityka.pl\/adamczewski\/wp-json\/wp\/v2\/posts\/11141"}],"collection":[{"href":"https:\/\/blog.polityka.pl\/adamczewski\/wp-json\/wp\/v2\/posts"}],"about":[{"href":"https:\/\/blog.polityka.pl\/adamczewski\/wp-json\/wp\/v2\/types\/post"}],"author":[{"embeddable":true,"href":"https:\/\/blog.polityka.pl\/adamczewski\/wp-json\/wp\/v2\/users\/2"}],"replies":[{"embeddable":true,"href":"https:\/\/blog.polityka.pl\/adamczewski\/wp-json\/wp\/v2\/comments?post=11141"}],"version-history":[{"count":0,"href":"https:\/\/blog.polityka.pl\/adamczewski\/wp-json\/wp\/v2\/posts\/11141\/revisions"}],"wp:attachment":[{"href":"https:\/\/blog.polityka.pl\/adamczewski\/wp-json\/wp\/v2\/media?parent=11141"}],"wp:term":[{"taxonomy":"category","embeddable":true,"href":"https:\/\/blog.polityka.pl\/adamczewski\/wp-json\/wp\/v2\/categories?post=11141"},{"taxonomy":"post_tag","embeddable":true,"href":"https:\/\/blog.polityka.pl\/adamczewski\/wp-json\/wp\/v2\/tags?post=11141"}],"curies":[{"name":"wp","href":"https:\/\/api.w.org\/{rel}","templated":true}]}}