
{"id":11142,"date":"2012-07-19T18:52:37","date_gmt":"2012-07-19T17:52:37","guid":{"rendered":"http:\/\/adamczewscy.pl\/?p=3573"},"modified":"2012-07-19T18:52:37","modified_gmt":"2012-07-19T17:52:37","slug":"spaghetti-ratunkowe","status":"publish","type":"post","link":"https:\/\/blog.polityka.pl\/adamczewski\/2012\/07\/19\/spaghetti-ratunkowe\/","title":{"rendered":"Spaghetti ratunkowe"},"content":{"rendered":"<p><em>? opakowania spaghetti, 2 \u0142y\u017cki oliwy, 2 z\u0105bki czosnku, 2 szalotki, 6 suszonych pomidor\u00f3w z oliwy, puszka sardynek z oliwie, 5 \u0142y\u017cek siekanej zielonej pietruszki, s\u00f3l morska<\/em><\/p>\n<p>1. Podsma\u017cy\u0107 na oliwie pokrojony cienko czosnek. Doda\u0107 szalotki posiekane jak najdrobniej, zeszkli\u0107. Doda\u0107 pokrojone w paski pomidory, sardynki wraz z oliw\u0105, po\u0142ow\u0119 posiekanej zielonej pietruszki, doprawi\u0107 sol\u0105 i pieprzem, podgrzewa\u0107 2 minuty.<br \/>\n2. Ugotowa\u0107 makaron al dente, wymiesza\u0107 z sosem, posypa\u0107 pozosta\u0142\u0105 pietruszk\u0105. <\/p>\n","protected":false},"excerpt":{"rendered":"<p>? opakowania spaghetti, 2 \u0142y\u017cki oliwy, 2 z\u0105bki czosnku, 2 szalotki, 6 suszonych pomidor\u00f3w z oliwy, puszka sardynek z oliwie, 5 \u0142y\u017cek siekanej zielonej pietruszki, s\u00f3l morska 1. Podsma\u017cy\u0107 na oliwie pokrojony cienko czosnek. Doda\u0107 szalotki posiekane jak najdrobniej, zeszkli\u0107. Doda\u0107 pokrojone w paski pomidory, sardynki wraz z oliw\u0105, po\u0142ow\u0119 posiekanej zielonej pietruszki, doprawi\u0107 sol\u0105 [&hellip;]<\/p>\n","protected":false},"author":2,"featured_media":0,"comment_status":"open","ping_status":"open","sticky":false,"template":"","format":"standard","meta":{"footnotes":""},"categories":[1],"tags":[],"_links":{"self":[{"href":"https:\/\/blog.polityka.pl\/adamczewski\/wp-json\/wp\/v2\/posts\/11142"}],"collection":[{"href":"https:\/\/blog.polityka.pl\/adamczewski\/wp-json\/wp\/v2\/posts"}],"about":[{"href":"https:\/\/blog.polityka.pl\/adamczewski\/wp-json\/wp\/v2\/types\/post"}],"author":[{"embeddable":true,"href":"https:\/\/blog.polityka.pl\/adamczewski\/wp-json\/wp\/v2\/users\/2"}],"replies":[{"embeddable":true,"href":"https:\/\/blog.polityka.pl\/adamczewski\/wp-json\/wp\/v2\/comments?post=11142"}],"version-history":[{"count":0,"href":"https:\/\/blog.polityka.pl\/adamczewski\/wp-json\/wp\/v2\/posts\/11142\/revisions"}],"wp:attachment":[{"href":"https:\/\/blog.polityka.pl\/adamczewski\/wp-json\/wp\/v2\/media?parent=11142"}],"wp:term":[{"taxonomy":"category","embeddable":true,"href":"https:\/\/blog.polityka.pl\/adamczewski\/wp-json\/wp\/v2\/categories?post=11142"},{"taxonomy":"post_tag","embeddable":true,"href":"https:\/\/blog.polityka.pl\/adamczewski\/wp-json\/wp\/v2\/tags?post=11142"}],"curies":[{"name":"wp","href":"https:\/\/api.w.org\/{rel}","templated":true}]}}