
{"id":11143,"date":"2012-07-19T18:54:16","date_gmt":"2012-07-19T17:54:16","guid":{"rendered":"http:\/\/adamczewscy.pl\/?p=3574"},"modified":"2012-07-19T18:54:16","modified_gmt":"2012-07-19T17:54:16","slug":"makaron-zapiekany-z-warzywami","status":"publish","type":"post","link":"https:\/\/blog.polityka.pl\/adamczewski\/2012\/07\/19\/makaron-zapiekany-z-warzywami\/","title":{"rendered":"Makaron zapiekany z warzywami"},"content":{"rendered":"<p><em>Opakowanie makaronu muszelki, opakowanie mro\u017conego szpinaku, cebula, por, 4 kawa\u0142ki suszonych pomidor\u00f3w, szklanka startego \u017c\u00f3\u0142tego sera, szklanka \u015bmietanki 12-proc., 3 jajka, 2 z\u0105bki czosnku, po 2 \u0142y\u017cki oliwy i mas\u0142a, 2 \u0142y\u017cki tartej bu\u0142ki, s\u00f3l, pieprz<\/em><\/p>\n<p>1. Ugotowa\u0107 makaron al dente, ods\u0105czy\u0107.<br \/>\n2. Szpinak udusi\u0107 na \u0142y\u017cce mas\u0142a z czosnkiem przeci\u015bni\u0119tym przez prask\u0119, sol\u0105 i pieprzem.<br \/>\n3. Cebul\u0119 i por posieka\u0107 drobno i zeszkli\u0107 na oliwie, doda\u0107 posiekane suszone pomidory doprawi\u0107 sol\u0105 i pieprzem.<br \/>\n4. Wymiesza\u0107 makaron z usma\u017con\u0105 cebul\u0105 i porem oraz startym serem.<br \/>\n5. Zmiksowa\u0107 jajka ze \u015bmietan\u0105.<br \/>\n6. Pozosta\u0142ym mas\u0142em posmarowa\u0107 du\u017ce okr\u0105g\u0142e naczynie do zapiekania, wysypa\u0107 tart\u0105 bu\u0142k\u0105.<br \/>\n7. Na dnie naczynia u\u0142o\u017cy\u0107 warstw\u0119 makaronu, pola\u0107 po\u0142ow\u0105 cz\u0119\u015bci\u0105 \u015bmietany z jajami, u\u0142o\u017cy\u0107 warstw\u0119 szpinaku, zn\u00f3w makaron polany \u015bmietan\u0105 i tak do wyczerpania si\u0119 sk\u0142adnik\u00f3w. Wierzch powinien stanowi\u0107 makaron.<br \/>\n8. W piekarniku nagrzanym do 180 st. C zapieka\u0107 30 minut. Kroi\u0107 promieni\u015bcie jak tort. <\/p>\n","protected":false},"excerpt":{"rendered":"<p>Opakowanie makaronu muszelki, opakowanie mro\u017conego szpinaku, cebula, por, 4 kawa\u0142ki suszonych pomidor\u00f3w, szklanka startego \u017c\u00f3\u0142tego sera, szklanka \u015bmietanki 12-proc., 3 jajka, 2 z\u0105bki czosnku, po 2 \u0142y\u017cki oliwy i mas\u0142a, 2 \u0142y\u017cki tartej bu\u0142ki, s\u00f3l, pieprz 1. Ugotowa\u0107 makaron al dente, ods\u0105czy\u0107. 2. Szpinak udusi\u0107 na \u0142y\u017cce mas\u0142a z czosnkiem przeci\u015bni\u0119tym przez prask\u0119, sol\u0105 i [&hellip;]<\/p>\n","protected":false},"author":2,"featured_media":0,"comment_status":"open","ping_status":"open","sticky":false,"template":"","format":"standard","meta":{"footnotes":""},"categories":[1],"tags":[],"_links":{"self":[{"href":"https:\/\/blog.polityka.pl\/adamczewski\/wp-json\/wp\/v2\/posts\/11143"}],"collection":[{"href":"https:\/\/blog.polityka.pl\/adamczewski\/wp-json\/wp\/v2\/posts"}],"about":[{"href":"https:\/\/blog.polityka.pl\/adamczewski\/wp-json\/wp\/v2\/types\/post"}],"author":[{"embeddable":true,"href":"https:\/\/blog.polityka.pl\/adamczewski\/wp-json\/wp\/v2\/users\/2"}],"replies":[{"embeddable":true,"href":"https:\/\/blog.polityka.pl\/adamczewski\/wp-json\/wp\/v2\/comments?post=11143"}],"version-history":[{"count":0,"href":"https:\/\/blog.polityka.pl\/adamczewski\/wp-json\/wp\/v2\/posts\/11143\/revisions"}],"wp:attachment":[{"href":"https:\/\/blog.polityka.pl\/adamczewski\/wp-json\/wp\/v2\/media?parent=11143"}],"wp:term":[{"taxonomy":"category","embeddable":true,"href":"https:\/\/blog.polityka.pl\/adamczewski\/wp-json\/wp\/v2\/categories?post=11143"},{"taxonomy":"post_tag","embeddable":true,"href":"https:\/\/blog.polityka.pl\/adamczewski\/wp-json\/wp\/v2\/tags?post=11143"}],"curies":[{"name":"wp","href":"https:\/\/api.w.org\/{rel}","templated":true}]}}