
{"id":11144,"date":"2012-07-19T18:55:27","date_gmt":"2012-07-19T17:55:27","guid":{"rendered":"http:\/\/adamczewscy.pl\/?p=3575"},"modified":"2012-07-19T18:55:27","modified_gmt":"2012-07-19T17:55:27","slug":"chlodnik-owocowy-ze-zsiadlego-mleka","status":"publish","type":"post","link":"https:\/\/blog.polityka.pl\/adamczewski\/2012\/07\/19\/chlodnik-owocowy-ze-zsiadlego-mleka\/","title":{"rendered":"Ch\u0142odnik owocowy ze zsiad\u0142ego mleka"},"content":{"rendered":"<p><em>4 szklanki zsiad\u0142ego mleka, 3\/4 szklanki \u015bmietany 18-proc. , ok. 50 dag r\u00f3\u017cnych owoc\u00f3w (jag\u00f3d, poziomek, truskawek), cukier do smaku<\/em><\/p>\n<p>1. Owoce umy\u0107, os\u0105czy\u0107 starannie. Zmiksowa\u0107 i przetrze\u0107 przez durszlak.<br \/>\n2. Zmiksowa\u0107 zsiad\u0142e mleko ze \u015bmietan\u0105, doda\u0107 przetarte owoce, cukier do smaku starannie wymiesza\u0107. Wstawi\u0107 do lod\u00f3wki na 30 minut.<br \/>\nPodawa\u0107 z groszkiem ptysiowym lub biszkoptami<\/p>\n","protected":false},"excerpt":{"rendered":"<p>4 szklanki zsiad\u0142ego mleka, 3\/4 szklanki \u015bmietany 18-proc. , ok. 50 dag r\u00f3\u017cnych owoc\u00f3w (jag\u00f3d, poziomek, truskawek), cukier do smaku 1. Owoce umy\u0107, os\u0105czy\u0107 starannie. Zmiksowa\u0107 i przetrze\u0107 przez durszlak. 2. Zmiksowa\u0107 zsiad\u0142e mleko ze \u015bmietan\u0105, doda\u0107 przetarte owoce, cukier do smaku starannie wymiesza\u0107. Wstawi\u0107 do lod\u00f3wki na 30 minut. Podawa\u0107 z groszkiem ptysiowym lub [&hellip;]<\/p>\n","protected":false},"author":2,"featured_media":0,"comment_status":"open","ping_status":"open","sticky":false,"template":"","format":"standard","meta":{"footnotes":""},"categories":[1],"tags":[],"_links":{"self":[{"href":"https:\/\/blog.polityka.pl\/adamczewski\/wp-json\/wp\/v2\/posts\/11144"}],"collection":[{"href":"https:\/\/blog.polityka.pl\/adamczewski\/wp-json\/wp\/v2\/posts"}],"about":[{"href":"https:\/\/blog.polityka.pl\/adamczewski\/wp-json\/wp\/v2\/types\/post"}],"author":[{"embeddable":true,"href":"https:\/\/blog.polityka.pl\/adamczewski\/wp-json\/wp\/v2\/users\/2"}],"replies":[{"embeddable":true,"href":"https:\/\/blog.polityka.pl\/adamczewski\/wp-json\/wp\/v2\/comments?post=11144"}],"version-history":[{"count":0,"href":"https:\/\/blog.polityka.pl\/adamczewski\/wp-json\/wp\/v2\/posts\/11144\/revisions"}],"wp:attachment":[{"href":"https:\/\/blog.polityka.pl\/adamczewski\/wp-json\/wp\/v2\/media?parent=11144"}],"wp:term":[{"taxonomy":"category","embeddable":true,"href":"https:\/\/blog.polityka.pl\/adamczewski\/wp-json\/wp\/v2\/categories?post=11144"},{"taxonomy":"post_tag","embeddable":true,"href":"https:\/\/blog.polityka.pl\/adamczewski\/wp-json\/wp\/v2\/tags?post=11144"}],"curies":[{"name":"wp","href":"https:\/\/api.w.org\/{rel}","templated":true}]}}