
{"id":11146,"date":"2012-08-03T14:45:25","date_gmt":"2012-08-03T13:45:25","guid":{"rendered":"http:\/\/adamczewscy.pl\/?p=3580"},"modified":"2012-08-03T14:45:25","modified_gmt":"2012-08-03T13:45:25","slug":"szybkie-kotlety-fasolowe","status":"publish","type":"post","link":"https:\/\/blog.polityka.pl\/adamczewski\/2012\/08\/03\/szybkie-kotlety-fasolowe\/","title":{"rendered":"Szybkie kotlety fasolowe"},"content":{"rendered":"<p><em>2 puszki konserwowej fasoli (bia\u0142ej, czerwonej, jasia lub canellini), 2 \u015bwie\u017ce kajzerki, 1- 2 \u0142y\u017cki siekanej klendry, 2 \u0142y\u017ceczki mielonego kminu rzymskiego, s\u00f3l, pieprz do smaku<br \/>\nDo sma\u017cenia: olej ,najlepiej ry\u017cowy<br \/>\nJako dodatek: sos tzatziki gotowy lub przygotowany ze szklanki jogurtu naturalnego,2 z\u0105bk\u00f3w czosnku, siekanego koperku i, startego na tarce zielonego og\u00f3rka<\/em><\/p>\n<p>1. Kajzerki pokroi\u0107 na kawa\u0142ki i umie\u015bci\u0107 w kielichu blendera, zmiksowa\u0107.<br \/>\n2. Odcedzi\u0107 mo\u017cliwie dok\u0142adnie fasolki z puszki, prze\u0142o\u017cy\u0107 do blendera i zmiksowa\u0107 ponownie, doprawi\u0107 sol\u0105, pieprzem, mielonym kminem rzymskim i siekan\u0105 kolendr\u0105.<br \/>\n3. Formowa\u0107 owalne ma\u0142e  kotleciki ,sma\u017cy\u0107 na rozgrzanym oleju na z\u0142ocisto z obu stron.<br \/>\nPodawa\u0107 gor\u0105ce z sosem tzatziki  w osobnej miseczce.<\/p>\n","protected":false},"excerpt":{"rendered":"<p>2 puszki konserwowej fasoli (bia\u0142ej, czerwonej, jasia lub canellini), 2 \u015bwie\u017ce kajzerki, 1- 2 \u0142y\u017cki siekanej klendry, 2 \u0142y\u017ceczki mielonego kminu rzymskiego, s\u00f3l, pieprz do smaku Do sma\u017cenia: olej ,najlepiej ry\u017cowy Jako dodatek: sos tzatziki gotowy lub przygotowany ze szklanki jogurtu naturalnego,2 z\u0105bk\u00f3w czosnku, siekanego koperku i, startego na tarce zielonego og\u00f3rka 1. Kajzerki pokroi\u0107 [&hellip;]<\/p>\n","protected":false},"author":2,"featured_media":0,"comment_status":"open","ping_status":"open","sticky":false,"template":"","format":"standard","meta":{"footnotes":""},"categories":[1],"tags":[],"_links":{"self":[{"href":"https:\/\/blog.polityka.pl\/adamczewski\/wp-json\/wp\/v2\/posts\/11146"}],"collection":[{"href":"https:\/\/blog.polityka.pl\/adamczewski\/wp-json\/wp\/v2\/posts"}],"about":[{"href":"https:\/\/blog.polityka.pl\/adamczewski\/wp-json\/wp\/v2\/types\/post"}],"author":[{"embeddable":true,"href":"https:\/\/blog.polityka.pl\/adamczewski\/wp-json\/wp\/v2\/users\/2"}],"replies":[{"embeddable":true,"href":"https:\/\/blog.polityka.pl\/adamczewski\/wp-json\/wp\/v2\/comments?post=11146"}],"version-history":[{"count":0,"href":"https:\/\/blog.polityka.pl\/adamczewski\/wp-json\/wp\/v2\/posts\/11146\/revisions"}],"wp:attachment":[{"href":"https:\/\/blog.polityka.pl\/adamczewski\/wp-json\/wp\/v2\/media?parent=11146"}],"wp:term":[{"taxonomy":"category","embeddable":true,"href":"https:\/\/blog.polityka.pl\/adamczewski\/wp-json\/wp\/v2\/categories?post=11146"},{"taxonomy":"post_tag","embeddable":true,"href":"https:\/\/blog.polityka.pl\/adamczewski\/wp-json\/wp\/v2\/tags?post=11146"}],"curies":[{"name":"wp","href":"https:\/\/api.w.org\/{rel}","templated":true}]}}