
{"id":11147,"date":"2012-08-03T14:46:03","date_gmt":"2012-08-03T13:46:03","guid":{"rendered":"http:\/\/adamczewscy.pl\/?p=3581"},"modified":"2012-08-03T14:46:03","modified_gmt":"2012-08-03T13:46:03","slug":"kasza-piknikowa","status":"publish","type":"post","link":"https:\/\/blog.polityka.pl\/adamczewski\/2012\/08\/03\/kasza-piknikowa\/","title":{"rendered":"Kasza piknikowa"},"content":{"rendered":"<p><em>2 torebki kaszy gryczanej do gotowania, \u0142y\u017cka oliwy z oliwek, p\u00f3\u0142 szklanki suszonych \u017curawin, \u0142y\u017cka soku cytrynowego, 2 \u0142y\u017cki obranych z \u0142upinek orzeszk\u00f3w pistacjowych, 3 \u0142y\u017cki siekanej zielonej pietruszki, spora szczypta pieprzu i ew. do smaku s\u00f3l<\/em><\/p>\n<p>1. Orzeszki wysypa\u0107 na patelni\u0119 i chwil\u0119 podgrzewa\u0107, aby sta\u0142y si\u0119 chrupkie a nawet lekko oz\u0142oci\u0142y. Posieka\u0107 grubo.<br \/>\n2. Ugotowa\u0107 kasz\u0119 wed\u0142ug przepisu na opakowaniu, ods\u0105czy\u0107 szybko i po rozci\u0119ciu woreczk\u00f3w przesypa\u0107 gor\u0105c\u0105  kasz\u0119 do du\u017cej salaterki, doda\u0107 \u017curawiny i  dostawi\u0107 przykryciem  na 5 minut.<br \/>\n3. Zdj\u0105\u0107 pokrywk\u0119, doda\u0107 oliw\u0119 ,wymiesza\u0107 i dalej studzi\u0107  kasz\u0119 od czasu do czasu mieszaj\u0105c.<br \/>\n4. Doda\u0107 sok cytrynowy, siekan\u0105 zielon\u0105 pietruszk\u0119 oraz siekane orzeszki. Wymiesza\u0107.<br \/>\nTo doskona\u0142e danie na piknik. Wystarczy prze\u0142o\u017cy\u0107 kasz\u0119 do pojemnika, nie musi by\u0107 ani odgrzewana ani sch\u0142odzona. W ka\u017cdej temperaturze smakuje doskonale. Mo\u017ce stanowi\u0107 samoistne danie  lub \u015bwietne dope\u0142nienie warzywnego lub mi\u0119snego czy rybnego piknikowego menu.<\/p>\n","protected":false},"excerpt":{"rendered":"<p>2 torebki kaszy gryczanej do gotowania, \u0142y\u017cka oliwy z oliwek, p\u00f3\u0142 szklanki suszonych \u017curawin, \u0142y\u017cka soku cytrynowego, 2 \u0142y\u017cki obranych z \u0142upinek orzeszk\u00f3w pistacjowych, 3 \u0142y\u017cki siekanej zielonej pietruszki, spora szczypta pieprzu i ew. do smaku s\u00f3l 1. Orzeszki wysypa\u0107 na patelni\u0119 i chwil\u0119 podgrzewa\u0107, aby sta\u0142y si\u0119 chrupkie a nawet lekko oz\u0142oci\u0142y. Posieka\u0107 grubo. [&hellip;]<\/p>\n","protected":false},"author":2,"featured_media":0,"comment_status":"open","ping_status":"open","sticky":false,"template":"","format":"standard","meta":{"footnotes":""},"categories":[1],"tags":[],"_links":{"self":[{"href":"https:\/\/blog.polityka.pl\/adamczewski\/wp-json\/wp\/v2\/posts\/11147"}],"collection":[{"href":"https:\/\/blog.polityka.pl\/adamczewski\/wp-json\/wp\/v2\/posts"}],"about":[{"href":"https:\/\/blog.polityka.pl\/adamczewski\/wp-json\/wp\/v2\/types\/post"}],"author":[{"embeddable":true,"href":"https:\/\/blog.polityka.pl\/adamczewski\/wp-json\/wp\/v2\/users\/2"}],"replies":[{"embeddable":true,"href":"https:\/\/blog.polityka.pl\/adamczewski\/wp-json\/wp\/v2\/comments?post=11147"}],"version-history":[{"count":0,"href":"https:\/\/blog.polityka.pl\/adamczewski\/wp-json\/wp\/v2\/posts\/11147\/revisions"}],"wp:attachment":[{"href":"https:\/\/blog.polityka.pl\/adamczewski\/wp-json\/wp\/v2\/media?parent=11147"}],"wp:term":[{"taxonomy":"category","embeddable":true,"href":"https:\/\/blog.polityka.pl\/adamczewski\/wp-json\/wp\/v2\/categories?post=11147"},{"taxonomy":"post_tag","embeddable":true,"href":"https:\/\/blog.polityka.pl\/adamczewski\/wp-json\/wp\/v2\/tags?post=11147"}],"curies":[{"name":"wp","href":"https:\/\/api.w.org\/{rel}","templated":true}]}}