
{"id":11148,"date":"2012-08-03T14:47:15","date_gmt":"2012-08-03T13:47:15","guid":{"rendered":"http:\/\/adamczewscy.pl\/?p=3582"},"modified":"2012-08-03T14:47:15","modified_gmt":"2012-08-03T13:47:15","slug":"kasza-kukurydziana-z-grzybami","status":"publish","type":"post","link":"https:\/\/blog.polityka.pl\/adamczewski\/2012\/08\/03\/kasza-kukurydziana-z-grzybami\/","title":{"rendered":"Kasza kukurydziana z grzybami"},"content":{"rendered":"<p><em>2 szklanki kaszy kukurydzianej, najlepiej b\u0142yskawicznej, 6 szklanek roso\u0142u warzywnego, szklanka startego parmezanu, ok.50 dag le\u015bnych grzyb\u00f3w lub pieczarek, 2 \u0142y\u017cki oleju, s\u00f3l, pieprz do smaku<\/em><\/p>\n<p>1. Przygotowa\u0107 grzyby wycieraj\u0105c dok\u0142adnie wilgotn\u0105 \u015bciereczk\u0105 lub myj\u0105c szybko pod bie\u017c\u0105c\u0105 wod\u0119 po czym od razu wyciera\u0107. Pokroi\u0107 grzyby w plasterki.<br \/>\n2. Zagotowa\u0107 bulion, wsypuj\u0105c powoli kasz\u0119 mieszaj\u0105c  doprowadzi\u0107 do powstania g\u0119stej masy, kt\u00f3r\u0105 pozostawi\u0107 jeszcze chwil\u0119 w garnku po zestawieniu z ognia. Doda\u0107 starty parmezan i wymiesza\u0107 energicznie.<br \/>\n3. Na   rozgrzanym na patelni oleju podsma\u017cy\u0107 plasterki grzyb\u00f3w, wrzucaj\u0105c po trochu, aby si\u0119 sma\u017cy\u0142y a nie dusi\u0142y, lekko doprawi\u0107 podczas sma\u017cenia sol\u0105 i pieprzem.<br \/>\n4. Ugotowan\u0105 kasz\u0119(polent\u0119) roz\u0142o\u017cy\u0107 na p\u00f3\u0142misku, na wierzchu r\u00f3wno roz\u0142o\u017cy\u0107 usma\u017cone grzyby. Od razu podawa\u0107.<\/p>\n","protected":false},"excerpt":{"rendered":"<p>2 szklanki kaszy kukurydzianej, najlepiej b\u0142yskawicznej, 6 szklanek roso\u0142u warzywnego, szklanka startego parmezanu, ok.50 dag le\u015bnych grzyb\u00f3w lub pieczarek, 2 \u0142y\u017cki oleju, s\u00f3l, pieprz do smaku 1. Przygotowa\u0107 grzyby wycieraj\u0105c dok\u0142adnie wilgotn\u0105 \u015bciereczk\u0105 lub myj\u0105c szybko pod bie\u017c\u0105c\u0105 wod\u0119 po czym od razu wyciera\u0107. Pokroi\u0107 grzyby w plasterki. 2. Zagotowa\u0107 bulion, wsypuj\u0105c powoli kasz\u0119 mieszaj\u0105c [&hellip;]<\/p>\n","protected":false},"author":2,"featured_media":0,"comment_status":"open","ping_status":"open","sticky":false,"template":"","format":"standard","meta":{"footnotes":""},"categories":[1],"tags":[],"_links":{"self":[{"href":"https:\/\/blog.polityka.pl\/adamczewski\/wp-json\/wp\/v2\/posts\/11148"}],"collection":[{"href":"https:\/\/blog.polityka.pl\/adamczewski\/wp-json\/wp\/v2\/posts"}],"about":[{"href":"https:\/\/blog.polityka.pl\/adamczewski\/wp-json\/wp\/v2\/types\/post"}],"author":[{"embeddable":true,"href":"https:\/\/blog.polityka.pl\/adamczewski\/wp-json\/wp\/v2\/users\/2"}],"replies":[{"embeddable":true,"href":"https:\/\/blog.polityka.pl\/adamczewski\/wp-json\/wp\/v2\/comments?post=11148"}],"version-history":[{"count":0,"href":"https:\/\/blog.polityka.pl\/adamczewski\/wp-json\/wp\/v2\/posts\/11148\/revisions"}],"wp:attachment":[{"href":"https:\/\/blog.polityka.pl\/adamczewski\/wp-json\/wp\/v2\/media?parent=11148"}],"wp:term":[{"taxonomy":"category","embeddable":true,"href":"https:\/\/blog.polityka.pl\/adamczewski\/wp-json\/wp\/v2\/categories?post=11148"},{"taxonomy":"post_tag","embeddable":true,"href":"https:\/\/blog.polityka.pl\/adamczewski\/wp-json\/wp\/v2\/tags?post=11148"}],"curies":[{"name":"wp","href":"https:\/\/api.w.org\/{rel}","templated":true}]}}