
{"id":11149,"date":"2012-08-03T14:49:39","date_gmt":"2012-08-03T13:49:39","guid":{"rendered":"http:\/\/adamczewscy.pl\/?p=3583"},"modified":"2012-08-03T14:49:39","modified_gmt":"2012-08-03T13:49:39","slug":"gnocchi-z-sosem-klasyczne","status":"publish","type":"post","link":"https:\/\/blog.polityka.pl\/adamczewski\/2012\/08\/03\/gnocchi-z-sosem-klasyczne\/","title":{"rendered":"Gnocchi z sosem, klasyczne"},"content":{"rendered":"<p><em>Opakowanie klusek gnocchi, ok. 10 dag gorgonzoli lub innego sera ple\u015bniowego, ? szklanki  s\u0142odkiej \u015bmietanki, p\u00f3\u0142 szklanki  orzech\u00f3w w\u0142oskich, 2 \u0142y\u017cki siekanej zielonej pietruszki<\/em><\/p>\n<p>1. \u015amietank\u0119 wla\u0107 do garnka, zagotowa\u0107, doda\u0107 pokruszon\u0105 gorgonzol\u0119, mieszaj\u0105c gotowa\u0107, a\u017c ser si\u0119 rozpu\u015bci, doda\u0107 orzechy.<br \/>\n2. Na wrz\u0105c\u0105 w garnku wod\u0119  wrzuci\u0107  opakowanie gnocchi; kiedy wyp\u0142yn\u0105  na wierzch szybko odcedzi\u0107, doda\u0107 do naczynia z sosem, posypa\u0107 siekan\u0105 zielon\u0105 pietruszk\u0105  i wymiesza\u0107.<br \/>\nPodawa\u0107 danie gor\u0105ce.<\/p>\n","protected":false},"excerpt":{"rendered":"<p>Opakowanie klusek gnocchi, ok. 10 dag gorgonzoli lub innego sera ple\u015bniowego, ? szklanki s\u0142odkiej \u015bmietanki, p\u00f3\u0142 szklanki orzech\u00f3w w\u0142oskich, 2 \u0142y\u017cki siekanej zielonej pietruszki 1. \u015amietank\u0119 wla\u0107 do garnka, zagotowa\u0107, doda\u0107 pokruszon\u0105 gorgonzol\u0119, mieszaj\u0105c gotowa\u0107, a\u017c ser si\u0119 rozpu\u015bci, doda\u0107 orzechy. 2. Na wrz\u0105c\u0105 w garnku wod\u0119 wrzuci\u0107 opakowanie gnocchi; kiedy wyp\u0142yn\u0105 na wierzch szybko [&hellip;]<\/p>\n","protected":false},"author":2,"featured_media":0,"comment_status":"open","ping_status":"open","sticky":false,"template":"","format":"standard","meta":{"footnotes":""},"categories":[1],"tags":[],"_links":{"self":[{"href":"https:\/\/blog.polityka.pl\/adamczewski\/wp-json\/wp\/v2\/posts\/11149"}],"collection":[{"href":"https:\/\/blog.polityka.pl\/adamczewski\/wp-json\/wp\/v2\/posts"}],"about":[{"href":"https:\/\/blog.polityka.pl\/adamczewski\/wp-json\/wp\/v2\/types\/post"}],"author":[{"embeddable":true,"href":"https:\/\/blog.polityka.pl\/adamczewski\/wp-json\/wp\/v2\/users\/2"}],"replies":[{"embeddable":true,"href":"https:\/\/blog.polityka.pl\/adamczewski\/wp-json\/wp\/v2\/comments?post=11149"}],"version-history":[{"count":0,"href":"https:\/\/blog.polityka.pl\/adamczewski\/wp-json\/wp\/v2\/posts\/11149\/revisions"}],"wp:attachment":[{"href":"https:\/\/blog.polityka.pl\/adamczewski\/wp-json\/wp\/v2\/media?parent=11149"}],"wp:term":[{"taxonomy":"category","embeddable":true,"href":"https:\/\/blog.polityka.pl\/adamczewski\/wp-json\/wp\/v2\/categories?post=11149"},{"taxonomy":"post_tag","embeddable":true,"href":"https:\/\/blog.polityka.pl\/adamczewski\/wp-json\/wp\/v2\/tags?post=11149"}],"curies":[{"name":"wp","href":"https:\/\/api.w.org\/{rel}","templated":true}]}}