
{"id":11150,"date":"2012-08-03T14:50:23","date_gmt":"2012-08-03T13:50:23","guid":{"rendered":"http:\/\/adamczewscy.pl\/?p=3584"},"modified":"2012-08-03T14:50:23","modified_gmt":"2012-08-03T13:50:23","slug":"filety-kurczece-w-sosie-musztardowym","status":"publish","type":"post","link":"https:\/\/blog.polityka.pl\/adamczewski\/2012\/08\/03\/filety-kurczece-w-sosie-musztardowym\/","title":{"rendered":"Filety kurcz\u0119ce w sosie musztardowym"},"content":{"rendered":"<p><em>4  pojedyncze filety z piersi kurcz\u0119cej, \u0142y\u017cka francuskiej musztardy z ziarenkami, \u0142y\u017cka miodu lipowego, 1\/2 szklanki  \u015bmietanki 12-proc., 2 \u0142y\u017cki oliwy, s\u00f3l, pieprz, 2 \u0142y\u017cki siekanej zielonej pietruszki<\/em><\/p>\n<p>1. Filety lekko zbi\u0107 t\u0142uczkiem nadaj\u0105c im owalny kszta\u0142t, posypa\u0107 sol\u0105 i pieprzem.<br \/>\n2. Na patelni rozgrza\u0107 oliw\u0119, usma\u017cy\u0107 mi\u0119so z obu stron na z\u0142ocisto, od\u0142o\u017cy\u0107 na p\u00f3\u0142misek i okry\u0107 foli\u0105.<br \/>\n3. Na patelni\u0119 wla\u0107  \u015bmietank\u0119, doda\u0107 musztard\u0119 i mi\u00f3d, podgrzewa\u0107 ci\u0105gle mieszaj\u0105c, a\u017c powstanie  jednolity sos.<br \/>\n4. Prze\u0142o\u017cy\u0107 na patelnie kotlety, podgrza\u0107, posypa\u0107 siekan\u0105 zielon\u0105 pietruszk\u0105, podawa\u0107 od razu, gor\u0105ce.<\/p>\n","protected":false},"excerpt":{"rendered":"<p>4 pojedyncze filety z piersi kurcz\u0119cej, \u0142y\u017cka francuskiej musztardy z ziarenkami, \u0142y\u017cka miodu lipowego, 1\/2 szklanki \u015bmietanki 12-proc., 2 \u0142y\u017cki oliwy, s\u00f3l, pieprz, 2 \u0142y\u017cki siekanej zielonej pietruszki 1. Filety lekko zbi\u0107 t\u0142uczkiem nadaj\u0105c im owalny kszta\u0142t, posypa\u0107 sol\u0105 i pieprzem. 2. Na patelni rozgrza\u0107 oliw\u0119, usma\u017cy\u0107 mi\u0119so z obu stron na z\u0142ocisto, od\u0142o\u017cy\u0107 na [&hellip;]<\/p>\n","protected":false},"author":2,"featured_media":0,"comment_status":"open","ping_status":"open","sticky":false,"template":"","format":"standard","meta":{"footnotes":""},"categories":[1],"tags":[],"_links":{"self":[{"href":"https:\/\/blog.polityka.pl\/adamczewski\/wp-json\/wp\/v2\/posts\/11150"}],"collection":[{"href":"https:\/\/blog.polityka.pl\/adamczewski\/wp-json\/wp\/v2\/posts"}],"about":[{"href":"https:\/\/blog.polityka.pl\/adamczewski\/wp-json\/wp\/v2\/types\/post"}],"author":[{"embeddable":true,"href":"https:\/\/blog.polityka.pl\/adamczewski\/wp-json\/wp\/v2\/users\/2"}],"replies":[{"embeddable":true,"href":"https:\/\/blog.polityka.pl\/adamczewski\/wp-json\/wp\/v2\/comments?post=11150"}],"version-history":[{"count":0,"href":"https:\/\/blog.polityka.pl\/adamczewski\/wp-json\/wp\/v2\/posts\/11150\/revisions"}],"wp:attachment":[{"href":"https:\/\/blog.polityka.pl\/adamczewski\/wp-json\/wp\/v2\/media?parent=11150"}],"wp:term":[{"taxonomy":"category","embeddable":true,"href":"https:\/\/blog.polityka.pl\/adamczewski\/wp-json\/wp\/v2\/categories?post=11150"},{"taxonomy":"post_tag","embeddable":true,"href":"https:\/\/blog.polityka.pl\/adamczewski\/wp-json\/wp\/v2\/tags?post=11150"}],"curies":[{"name":"wp","href":"https:\/\/api.w.org\/{rel}","templated":true}]}}