
{"id":11151,"date":"2012-08-09T21:51:19","date_gmt":"2012-08-09T20:51:19","guid":{"rendered":"http:\/\/adamczewscy.pl\/?p=3585"},"modified":"2012-08-09T21:51:19","modified_gmt":"2012-08-09T20:51:19","slug":"losos-w-serowym-sosie","status":"publish","type":"post","link":"https:\/\/blog.polityka.pl\/adamczewski\/2012\/08\/09\/losos-w-serowym-sosie\/","title":{"rendered":"\u0141oso\u015b w serowym sosie"},"content":{"rendered":"<p><em>4 porcje \u0142ososia, 2 z\u0105bki czosnku, szklanka startego sera, 2 \u0142y\u017cki siekanej zielonej pietruszki, 3\/4 szklanki \u015bmietany, 1\/2 szklanki jogurtu naturalnego, s\u00f3l, oliwa<\/em><\/p>\n<p>1. \u0141ososia umy\u0107, osuszy\u0107 kuchenn\u0105 papierow\u0105 \u015bciereczk\u0105, posoli\u0107 i w \u017caroodpornym naczyniu lekko posmarowanym oliwa zapieka 20 minut w temperaturze 225 st. C.<br \/>\n2. Przygotowa\u0107 sos: przecisn\u0105\u0107 czosnek przez prask\u0119, \u015bmietan\u0119 wymiesza\u0107 z jogurtem, doda\u0107 czosnek, starty ser i siekan\u0105 zielon\u0105 pietruszk\u0119.<br \/>\n3. Sosem pola\u0107 upieczon\u0105 ryb\u0119 i zapieka\u0107 jeszcze 15 minut. <\/p>\n","protected":false},"excerpt":{"rendered":"<p>4 porcje \u0142ososia, 2 z\u0105bki czosnku, szklanka startego sera, 2 \u0142y\u017cki siekanej zielonej pietruszki, 3\/4 szklanki \u015bmietany, 1\/2 szklanki jogurtu naturalnego, s\u00f3l, oliwa 1. \u0141ososia umy\u0107, osuszy\u0107 kuchenn\u0105 papierow\u0105 \u015bciereczk\u0105, posoli\u0107 i w \u017caroodpornym naczyniu lekko posmarowanym oliwa zapieka 20 minut w temperaturze 225 st. C. 2. Przygotowa\u0107 sos: przecisn\u0105\u0107 czosnek przez prask\u0119, \u015bmietan\u0119 wymiesza\u0107 [&hellip;]<\/p>\n","protected":false},"author":2,"featured_media":0,"comment_status":"open","ping_status":"open","sticky":false,"template":"","format":"standard","meta":{"footnotes":""},"categories":[1],"tags":[],"_links":{"self":[{"href":"https:\/\/blog.polityka.pl\/adamczewski\/wp-json\/wp\/v2\/posts\/11151"}],"collection":[{"href":"https:\/\/blog.polityka.pl\/adamczewski\/wp-json\/wp\/v2\/posts"}],"about":[{"href":"https:\/\/blog.polityka.pl\/adamczewski\/wp-json\/wp\/v2\/types\/post"}],"author":[{"embeddable":true,"href":"https:\/\/blog.polityka.pl\/adamczewski\/wp-json\/wp\/v2\/users\/2"}],"replies":[{"embeddable":true,"href":"https:\/\/blog.polityka.pl\/adamczewski\/wp-json\/wp\/v2\/comments?post=11151"}],"version-history":[{"count":0,"href":"https:\/\/blog.polityka.pl\/adamczewski\/wp-json\/wp\/v2\/posts\/11151\/revisions"}],"wp:attachment":[{"href":"https:\/\/blog.polityka.pl\/adamczewski\/wp-json\/wp\/v2\/media?parent=11151"}],"wp:term":[{"taxonomy":"category","embeddable":true,"href":"https:\/\/blog.polityka.pl\/adamczewski\/wp-json\/wp\/v2\/categories?post=11151"},{"taxonomy":"post_tag","embeddable":true,"href":"https:\/\/blog.polityka.pl\/adamczewski\/wp-json\/wp\/v2\/tags?post=11151"}],"curies":[{"name":"wp","href":"https:\/\/api.w.org\/{rel}","templated":true}]}}