
{"id":11152,"date":"2012-08-09T21:52:28","date_gmt":"2012-08-09T20:52:28","guid":{"rendered":"http:\/\/adamczewscy.pl\/?p=3586"},"modified":"2012-08-09T21:52:28","modified_gmt":"2012-08-09T20:52:28","slug":"pieczony-omlet-z-ryba","status":"publish","type":"post","link":"https:\/\/blog.polityka.pl\/adamczewski\/2012\/08\/09\/pieczony-omlet-z-ryba\/","title":{"rendered":"Pieczony omlet z ryb\u0105"},"content":{"rendered":"<p><em>Ok. 60 dag w\u0119dzonej ryby, 2 cebule, 2 pomidory, 4 jajka, 4 \u0142y\u017cki siekanego szczypiorku, 1\/4 kostki mas\u0142a, szczypta tymianku, s\u00f3l, pieprz<br \/>\n<\/em><br \/>\n1. Cebule obra\u0107 pokroi\u0107 w cienkie kr\u0105\u017cki, zeszkli\u0107 na ma\u015ble roztopionym na patelni (z \u017caroodpornymi uchwytami).<br \/>\n2. Ryby obra\u0107, oddzieli\u0107 mi\u0119so, wybra\u0107 o\u015bci. Pomidory pola\u0107 wrz\u0105tkiem i zdj\u0105\u0107 sk\u00f3rk\u0119, pokroi\u0107 na plasterki.<br \/>\n3. Na zeszklonej cebuli u\u0142o\u017cy\u0107 plasterki pomidora, posypa\u0107 sol\u0105 i pieprzem. Na pomidorach u\u0142o\u017cy\u0107 kawa\u0142ki ryby.<br \/>\n4. Jajka roztrzepa\u0107 ze szczypiorkiem i tymiankiem oraz sol\u0105 i pieprzem. Zala\u0107 warzywa z ryb\u0105.<br \/>\n5. W nagrzanym piekarniku zapieka\u0107, a\u017c zetnie si\u0119 masa jajeczna. <\/p>\n","protected":false},"excerpt":{"rendered":"<p>Ok. 60 dag w\u0119dzonej ryby, 2 cebule, 2 pomidory, 4 jajka, 4 \u0142y\u017cki siekanego szczypiorku, 1\/4 kostki mas\u0142a, szczypta tymianku, s\u00f3l, pieprz 1. Cebule obra\u0107 pokroi\u0107 w cienkie kr\u0105\u017cki, zeszkli\u0107 na ma\u015ble roztopionym na patelni (z \u017caroodpornymi uchwytami). 2. Ryby obra\u0107, oddzieli\u0107 mi\u0119so, wybra\u0107 o\u015bci. Pomidory pola\u0107 wrz\u0105tkiem i zdj\u0105\u0107 sk\u00f3rk\u0119, pokroi\u0107 na plasterki. 3. [&hellip;]<\/p>\n","protected":false},"author":2,"featured_media":0,"comment_status":"open","ping_status":"open","sticky":false,"template":"","format":"standard","meta":{"footnotes":""},"categories":[1],"tags":[],"_links":{"self":[{"href":"https:\/\/blog.polityka.pl\/adamczewski\/wp-json\/wp\/v2\/posts\/11152"}],"collection":[{"href":"https:\/\/blog.polityka.pl\/adamczewski\/wp-json\/wp\/v2\/posts"}],"about":[{"href":"https:\/\/blog.polityka.pl\/adamczewski\/wp-json\/wp\/v2\/types\/post"}],"author":[{"embeddable":true,"href":"https:\/\/blog.polityka.pl\/adamczewski\/wp-json\/wp\/v2\/users\/2"}],"replies":[{"embeddable":true,"href":"https:\/\/blog.polityka.pl\/adamczewski\/wp-json\/wp\/v2\/comments?post=11152"}],"version-history":[{"count":0,"href":"https:\/\/blog.polityka.pl\/adamczewski\/wp-json\/wp\/v2\/posts\/11152\/revisions"}],"wp:attachment":[{"href":"https:\/\/blog.polityka.pl\/adamczewski\/wp-json\/wp\/v2\/media?parent=11152"}],"wp:term":[{"taxonomy":"category","embeddable":true,"href":"https:\/\/blog.polityka.pl\/adamczewski\/wp-json\/wp\/v2\/categories?post=11152"},{"taxonomy":"post_tag","embeddable":true,"href":"https:\/\/blog.polityka.pl\/adamczewski\/wp-json\/wp\/v2\/tags?post=11152"}],"curies":[{"name":"wp","href":"https:\/\/api.w.org\/{rel}","templated":true}]}}