
{"id":11155,"date":"2012-08-09T22:01:26","date_gmt":"2012-08-09T21:01:26","guid":{"rendered":"http:\/\/adamczewscy.pl\/?p=3589"},"modified":"2012-08-09T22:01:26","modified_gmt":"2012-08-09T21:01:26","slug":"ciasto-malinowo-czekoladowe","status":"publish","type":"post","link":"https:\/\/blog.polityka.pl\/adamczewski\/2012\/08\/09\/ciasto-malinowo-czekoladowe\/","title":{"rendered":"Ciasto malinowo-czekoladowe"},"content":{"rendered":"<p><em>Na ciasto: 1\/2 szklanki kaszy manny, 2\/3 szklanki mielonych migda\u0142\u00f3w, 2 \u0142y\u017ceczki proszku do pieczenia, 2, 5 \u0142y\u017cki mas\u0142a, 3 jajka, 1\/2 szklanki cukru pudru, 10 dag gorzkiej czekolady, \u0142y\u017cka ciemnego kakao<br \/>\nDo nas\u0105czenia:3 \u0142y\u017cki cukru, 1, 5 \u0142y\u017cki mas\u0142a, ga\u0142\u0105zka mi\u0119ty,<br \/>\nDo przybrania wierzchu ciasta: szklanka konfitury malinowek, 40 dag \u015bwie\u017cych malin, sok z ? cytryny, 2 \u0142y\u017cki cukru-pudru<br \/>\nDo posmarowania tortownicy:  \u0142y\u017ceczka mas\u0142a<br \/>\n<\/em><br \/>\n1. Czekolad\u0119 po\u0142ama\u0107, doda\u0107 mas\u0142o i roztopi\u0107 w kuchence mikrofalowej lub wstawi\u0107 naczynie do wi\u0119kszego naczynia z gor\u0105c\u0105 wod\u0105.<br \/>\n2. Ubi\u0107 mikserem jaja z cukrem pudrem i ubijaj\u0105c dodawa\u0107 do puszystej masy kasz\u0119 mann\u0119, migda\u0142y i proszek do pieczenia.<br \/>\n3. Do ciasta wla\u0107, mieszaj\u0105c, roztopion\u0105 letni\u0105 czekolad\u0119, doda\u0107 kakao i starannie wymiesza\u0107.<br \/>\n4. Tortownic\u0119 posmarowa\u0107 starannie mas\u0142em, wla\u0107 ciasto i piec 40 minut w temperaturze 160 st.  C, po czym wystudzi\u0107.<br \/>\n5. Przygotowa\u0107 syrop: zagotowa\u0107 ? szklanki wody z cukrem i mas\u0142em oraz ga\u0142\u0105zk\u0105 mi\u0119ty. Ostudzi\u0107.<br \/>\n6. Syropem nas\u0105czy\u0107 ostudzone ciasto.<br \/>\n7. 2\/3 malin rozetrze\u0107 z konfitur\u0105, doprawi\u0107 sokiem cytrynowymi cukrem pudrem, posmarowa\u0107 mas\u0105 upieczone ciasto, przybra\u0107 pozosta\u0142ymi malinami. Sch\u0142odzi\u0107. <\/p>\n","protected":false},"excerpt":{"rendered":"<p>Na ciasto: 1\/2 szklanki kaszy manny, 2\/3 szklanki mielonych migda\u0142\u00f3w, 2 \u0142y\u017ceczki proszku do pieczenia, 2, 5 \u0142y\u017cki mas\u0142a, 3 jajka, 1\/2 szklanki cukru pudru, 10 dag gorzkiej czekolady, \u0142y\u017cka ciemnego kakao Do nas\u0105czenia:3 \u0142y\u017cki cukru, 1, 5 \u0142y\u017cki mas\u0142a, ga\u0142\u0105zka mi\u0119ty, Do przybrania wierzchu ciasta: szklanka konfitury malinowek, 40 dag \u015bwie\u017cych malin, sok z [&hellip;]<\/p>\n","protected":false},"author":2,"featured_media":0,"comment_status":"open","ping_status":"open","sticky":false,"template":"","format":"standard","meta":{"footnotes":""},"categories":[1],"tags":[],"_links":{"self":[{"href":"https:\/\/blog.polityka.pl\/adamczewski\/wp-json\/wp\/v2\/posts\/11155"}],"collection":[{"href":"https:\/\/blog.polityka.pl\/adamczewski\/wp-json\/wp\/v2\/posts"}],"about":[{"href":"https:\/\/blog.polityka.pl\/adamczewski\/wp-json\/wp\/v2\/types\/post"}],"author":[{"embeddable":true,"href":"https:\/\/blog.polityka.pl\/adamczewski\/wp-json\/wp\/v2\/users\/2"}],"replies":[{"embeddable":true,"href":"https:\/\/blog.polityka.pl\/adamczewski\/wp-json\/wp\/v2\/comments?post=11155"}],"version-history":[{"count":0,"href":"https:\/\/blog.polityka.pl\/adamczewski\/wp-json\/wp\/v2\/posts\/11155\/revisions"}],"wp:attachment":[{"href":"https:\/\/blog.polityka.pl\/adamczewski\/wp-json\/wp\/v2\/media?parent=11155"}],"wp:term":[{"taxonomy":"category","embeddable":true,"href":"https:\/\/blog.polityka.pl\/adamczewski\/wp-json\/wp\/v2\/categories?post=11155"},{"taxonomy":"post_tag","embeddable":true,"href":"https:\/\/blog.polityka.pl\/adamczewski\/wp-json\/wp\/v2\/tags?post=11155"}],"curies":[{"name":"wp","href":"https:\/\/api.w.org\/{rel}","templated":true}]}}