
{"id":11159,"date":"2012-08-16T17:00:48","date_gmt":"2012-08-16T16:00:48","guid":{"rendered":"http:\/\/adamczewscy.pl\/?p=3595"},"modified":"2012-08-16T17:00:48","modified_gmt":"2012-08-16T16:00:48","slug":"sredni-karp-wagi-okolo-15-kg30-dag-pieczarek3-srednie-pomarancze3-lyzki-masla2-szklanki-bialego-wytrawnego-wina3-lyzki-tartej-bulki-sol-pieprz2-lyzki-oliwy-1karpia-sprawic-umyc-i-osuszyc","status":"publish","type":"post","link":"https:\/\/blog.polityka.pl\/adamczewski\/2012\/08\/16\/sredni-karp-wagi-okolo-15-kg30-dag-pieczarek3-srednie-pomarancze3-lyzki-masla2-szklanki-bialego-wytrawnego-wina3-lyzki-tartej-bulki-sol-pieprz2-lyzki-oliwy-1karpia-sprawic-umyc-i-osuszyc\/","title":{"rendered":"Kotlety wieprzowe o nowym smaku"},"content":{"rendered":"<p><em>Ok. 60 dag wieprzowiny od szynki lub chudego schaby karkowego, 2 \u0142y\u017cki m\u0105ki, 2 jaja, 2 \u0142y\u017cki posiekanych jak najdrobniej orzech\u00f3w, 4 \u0142y\u017cki posiekanego szczypiorku, 4 \u0142y\u017cki posiekanej zielonej pietruszki, \u0142y\u017cka majeranku, pieprz, s\u00f3l, 1\/2 szklanki oleju do sma\u017cenia<\/em><\/p>\n<p>1. Mi\u0119so umy\u0107, wytrze\u0107 kuchennym papierowym r\u0119cznikiem, pokroi\u0107 na cienkie kotlety, kt\u00f3re leciutko rozbi\u0107 t\u0142uczkiem.<br \/>\n2. Kotlety posypa\u0107 obu stron leciutko pieprzem i sol\u0105, obtoczy\u0107 w m\u0105ce.<br \/>\n3. Rozgrza\u0107 na szerokiej patelni olej.<br \/>\n3. Rozbi\u0107 w g\u0142\u0119bszym talerzu jaja, doda\u0107 posiekany szczypior, zielon\u0105 pietruszk\u0119, majeranek i posiekane orzechy, obtacza\u0107 mi\u0119so i sma\u017cy\u0107 na wolnym ogniu po oko\u0142o 5-6 minut z ka\u017cdej strony.<\/p>\n","protected":false},"excerpt":{"rendered":"<p>Ok. 60 dag wieprzowiny od szynki lub chudego schaby karkowego, 2 \u0142y\u017cki m\u0105ki, 2 jaja, 2 \u0142y\u017cki posiekanych jak najdrobniej orzech\u00f3w, 4 \u0142y\u017cki posiekanego szczypiorku, 4 \u0142y\u017cki posiekanej zielonej pietruszki, \u0142y\u017cka majeranku, pieprz, s\u00f3l, 1\/2 szklanki oleju do sma\u017cenia 1. Mi\u0119so umy\u0107, wytrze\u0107 kuchennym papierowym r\u0119cznikiem, pokroi\u0107 na cienkie kotlety, kt\u00f3re leciutko rozbi\u0107 t\u0142uczkiem. 2. [&hellip;]<\/p>\n","protected":false},"author":2,"featured_media":0,"comment_status":"open","ping_status":"open","sticky":false,"template":"","format":"standard","meta":{"footnotes":""},"categories":[1],"tags":[],"_links":{"self":[{"href":"https:\/\/blog.polityka.pl\/adamczewski\/wp-json\/wp\/v2\/posts\/11159"}],"collection":[{"href":"https:\/\/blog.polityka.pl\/adamczewski\/wp-json\/wp\/v2\/posts"}],"about":[{"href":"https:\/\/blog.polityka.pl\/adamczewski\/wp-json\/wp\/v2\/types\/post"}],"author":[{"embeddable":true,"href":"https:\/\/blog.polityka.pl\/adamczewski\/wp-json\/wp\/v2\/users\/2"}],"replies":[{"embeddable":true,"href":"https:\/\/blog.polityka.pl\/adamczewski\/wp-json\/wp\/v2\/comments?post=11159"}],"version-history":[{"count":0,"href":"https:\/\/blog.polityka.pl\/adamczewski\/wp-json\/wp\/v2\/posts\/11159\/revisions"}],"wp:attachment":[{"href":"https:\/\/blog.polityka.pl\/adamczewski\/wp-json\/wp\/v2\/media?parent=11159"}],"wp:term":[{"taxonomy":"category","embeddable":true,"href":"https:\/\/blog.polityka.pl\/adamczewski\/wp-json\/wp\/v2\/categories?post=11159"},{"taxonomy":"post_tag","embeddable":true,"href":"https:\/\/blog.polityka.pl\/adamczewski\/wp-json\/wp\/v2\/tags?post=11159"}],"curies":[{"name":"wp","href":"https:\/\/api.w.org\/{rel}","templated":true}]}}