
{"id":11160,"date":"2012-08-16T17:01:33","date_gmt":"2012-08-16T16:01:33","guid":{"rendered":"http:\/\/adamczewscy.pl\/?p=3596"},"modified":"2012-08-16T17:01:33","modified_gmt":"2012-08-16T16:01:33","slug":"pieczarki-w-aromatycznym-sosie","status":"publish","type":"post","link":"https:\/\/blog.polityka.pl\/adamczewski\/2012\/08\/16\/pieczarki-w-aromatycznym-sosie\/","title":{"rendered":"Pieczarki w aromatycznym sosie"},"content":{"rendered":"<p><em>? kg pieczarek (najlepiej, aby by\u0142y do\u015b\u0107 ma\u0142e, jednakowej wielko\u015bci), 4 \u0142y\u017cki oliwy, 5 ziaren pieprzu, 4 ziarna ziela angielskiego, li\u015b\u0107 laurowy, ga\u0142\u0105zka rozmarynu, ga\u0142\u0105zka bazylii, ga\u0142\u0105zka tymianku(lub, je\u015bli u\u017cywamy zi\u00f3\u0142 suszonych  ,po sporej szczypcie), 1\/2 cytryny, 2 \u0142y\u017cki m\u0105ki, s\u00f3l, pieprz<\/em><\/p>\n<p>1. Pieczarki oczy\u015bci\u0107, wysuszy\u0107 kuchennym papierowym r\u0119cznikiem, skropi\u0107 sokiem cytrynowym.<br \/>\n2. Po kilku minutach prze\u0142o\u017cy\u0107 pieczarki do garnka, zala\u0107 wrz\u0105c\u0105  wod\u0105 w takiej ilo\u015bci, aby pokry\u0142a grzyby, doda\u0107 oliw\u0119 oraz pieprz, ziele, s\u00f3l  .<br \/>\n3. Kiedy grzyby zmi\u0119kn\u0105 prze\u0142o\u017cy\u0107 je na salaterk\u0119, do pozosta\u0142ego wywaru doda\u0107 rozmieszan\u0105 z 4 \u0142y\u017ckami wody m\u0105k\u0119 oraz posiekane (lub je\u015bli s\u0105 suszone ?roztarte) zio\u0142a.<br \/>\n4. Sosem pola\u0107 pieczarki. Podawa\u0107 z ry\u017cem lub ziemniakami z wody.<\/p>\n","protected":false},"excerpt":{"rendered":"<p>? kg pieczarek (najlepiej, aby by\u0142y do\u015b\u0107 ma\u0142e, jednakowej wielko\u015bci), 4 \u0142y\u017cki oliwy, 5 ziaren pieprzu, 4 ziarna ziela angielskiego, li\u015b\u0107 laurowy, ga\u0142\u0105zka rozmarynu, ga\u0142\u0105zka bazylii, ga\u0142\u0105zka tymianku(lub, je\u015bli u\u017cywamy zi\u00f3\u0142 suszonych ,po sporej szczypcie), 1\/2 cytryny, 2 \u0142y\u017cki m\u0105ki, s\u00f3l, pieprz 1. Pieczarki oczy\u015bci\u0107, wysuszy\u0107 kuchennym papierowym r\u0119cznikiem, skropi\u0107 sokiem cytrynowym. 2. Po kilku [&hellip;]<\/p>\n","protected":false},"author":2,"featured_media":0,"comment_status":"open","ping_status":"open","sticky":false,"template":"","format":"standard","meta":{"footnotes":""},"categories":[1],"tags":[],"_links":{"self":[{"href":"https:\/\/blog.polityka.pl\/adamczewski\/wp-json\/wp\/v2\/posts\/11160"}],"collection":[{"href":"https:\/\/blog.polityka.pl\/adamczewski\/wp-json\/wp\/v2\/posts"}],"about":[{"href":"https:\/\/blog.polityka.pl\/adamczewski\/wp-json\/wp\/v2\/types\/post"}],"author":[{"embeddable":true,"href":"https:\/\/blog.polityka.pl\/adamczewski\/wp-json\/wp\/v2\/users\/2"}],"replies":[{"embeddable":true,"href":"https:\/\/blog.polityka.pl\/adamczewski\/wp-json\/wp\/v2\/comments?post=11160"}],"version-history":[{"count":0,"href":"https:\/\/blog.polityka.pl\/adamczewski\/wp-json\/wp\/v2\/posts\/11160\/revisions"}],"wp:attachment":[{"href":"https:\/\/blog.polityka.pl\/adamczewski\/wp-json\/wp\/v2\/media?parent=11160"}],"wp:term":[{"taxonomy":"category","embeddable":true,"href":"https:\/\/blog.polityka.pl\/adamczewski\/wp-json\/wp\/v2\/categories?post=11160"},{"taxonomy":"post_tag","embeddable":true,"href":"https:\/\/blog.polityka.pl\/adamczewski\/wp-json\/wp\/v2\/tags?post=11160"}],"curies":[{"name":"wp","href":"https:\/\/api.w.org\/{rel}","templated":true}]}}