
{"id":11161,"date":"2012-08-16T17:02:15","date_gmt":"2012-08-16T16:02:15","guid":{"rendered":"http:\/\/adamczewscy.pl\/?p=3597"},"modified":"2012-08-16T17:02:15","modified_gmt":"2012-08-16T16:02:15","slug":"pstrag-czosnkowy","status":"publish","type":"post","link":"https:\/\/blog.polityka.pl\/adamczewski\/2012\/08\/16\/pstrag-czosnkowy\/","title":{"rendered":"Pstr\u0105g czosnkowy"},"content":{"rendered":"<p><em>4 niewielkie pstr\u0105gi, 4 \u0142y\u017cki oleju, 2 \u0142y\u017cki m\u0105ki, s\u00f3l, pieprz, majeranek, 4 \u0142y\u017cki mas\u0142a, 4 z\u0105bki czosnku<\/em><\/p>\n<p>1. Pstr\u0105gi sprawi\u0107, posypa\u0107 sol\u0105 i pieprzem oraz majerankiem, skropi\u0107 lekko sokiem z cytryny. Odstawi\u0107 w  ch\u0142odne miejsce.<br \/>\n2. Na patelni rozgrza\u0107 olej, usma\u017cy\u0107 pstr\u0105gi z obu stron, najpierw rumieni\u0105c je a potem dopiekaj\u0105c na mniejszym ogniu.<br \/>\n3. W garnuszku rozgrza\u0107 mas\u0142o, doda\u0107 posiekane z\u0105bki czosnku i chwil\u0119 sma\u017cy\u0107.<br \/>\n4. Pstr\u0105gi po usma\u017ceniu u\u0142o\u017cy\u0107 na p\u00f3\u0142misku, pola\u0107 czosnkowym mas\u0142em.<br \/>\nPodawa\u0107 z podsma\u017conymi ziemniakami lub pieczywem.<\/p>\n","protected":false},"excerpt":{"rendered":"<p>4 niewielkie pstr\u0105gi, 4 \u0142y\u017cki oleju, 2 \u0142y\u017cki m\u0105ki, s\u00f3l, pieprz, majeranek, 4 \u0142y\u017cki mas\u0142a, 4 z\u0105bki czosnku 1. Pstr\u0105gi sprawi\u0107, posypa\u0107 sol\u0105 i pieprzem oraz majerankiem, skropi\u0107 lekko sokiem z cytryny. Odstawi\u0107 w ch\u0142odne miejsce. 2. Na patelni rozgrza\u0107 olej, usma\u017cy\u0107 pstr\u0105gi z obu stron, najpierw rumieni\u0105c je a potem dopiekaj\u0105c na mniejszym ogniu. [&hellip;]<\/p>\n","protected":false},"author":2,"featured_media":0,"comment_status":"open","ping_status":"open","sticky":false,"template":"","format":"standard","meta":{"footnotes":""},"categories":[1],"tags":[],"_links":{"self":[{"href":"https:\/\/blog.polityka.pl\/adamczewski\/wp-json\/wp\/v2\/posts\/11161"}],"collection":[{"href":"https:\/\/blog.polityka.pl\/adamczewski\/wp-json\/wp\/v2\/posts"}],"about":[{"href":"https:\/\/blog.polityka.pl\/adamczewski\/wp-json\/wp\/v2\/types\/post"}],"author":[{"embeddable":true,"href":"https:\/\/blog.polityka.pl\/adamczewski\/wp-json\/wp\/v2\/users\/2"}],"replies":[{"embeddable":true,"href":"https:\/\/blog.polityka.pl\/adamczewski\/wp-json\/wp\/v2\/comments?post=11161"}],"version-history":[{"count":0,"href":"https:\/\/blog.polityka.pl\/adamczewski\/wp-json\/wp\/v2\/posts\/11161\/revisions"}],"wp:attachment":[{"href":"https:\/\/blog.polityka.pl\/adamczewski\/wp-json\/wp\/v2\/media?parent=11161"}],"wp:term":[{"taxonomy":"category","embeddable":true,"href":"https:\/\/blog.polityka.pl\/adamczewski\/wp-json\/wp\/v2\/categories?post=11161"},{"taxonomy":"post_tag","embeddable":true,"href":"https:\/\/blog.polityka.pl\/adamczewski\/wp-json\/wp\/v2\/tags?post=11161"}],"curies":[{"name":"wp","href":"https:\/\/api.w.org\/{rel}","templated":true}]}}