
{"id":11162,"date":"2012-08-24T06:26:00","date_gmt":"2012-08-24T05:26:00","guid":{"rendered":"http:\/\/adamczewscy.pl\/?p=3599"},"modified":"2012-08-24T06:26:00","modified_gmt":"2012-08-24T05:26:00","slug":"suflet-z-jablek","status":"publish","type":"post","link":"https:\/\/blog.polityka.pl\/adamczewski\/2012\/08\/24\/suflet-z-jablek\/","title":{"rendered":"Suflet z jab\u0142ek"},"content":{"rendered":"<p><em>1 kg winnych, dobrze rozgotowuj\u0105cych si\u0119 jab\u0142ek, 3\/4 szklanki cukru, 6 bia\u0142ek, cukier waniliowy, \u0142y\u017ceczka mas\u0142a, \u0142y\u017cka tartej bu\u0142ki<\/em><\/p>\n<p>1. Obra\u0107 jab\u0142ka, pokroi\u0107 drobno, w\u0142o\u017cy\u0107 do garnka, podla\u0107 kilkoma \u0142y\u017ckami wody i dusi\u0107, a\u017c si\u0119 rozgotuj\u0105, dolewaj\u0105c po troszku wody, aby nie przywar\u0142y.<br \/>\n2. Do rozgotowanych jab\u0142ek doda\u0107 cukier i cukier waniliowy, gotuj\u0105c doprowadzi\u0107 do tego, aby mus zg\u0119stnia\u0142. Odstawi\u0107 ostudzi\u0107.<br \/>\n3. Z bia\u0142ek ubi\u0107 sztywn\u0105 pian\u0119 i dodaj\u0105c po \u0142y\u017cce wymiesza\u0107 j\u0105 z musem.<br \/>\n4. Posmarowa\u0107 mas\u0142em form\u0119 \u017caroodporn\u0105, posypa\u0107 tart\u0105 bu\u0142k\u0105, prze\u0142o\u017cy\u0107 mas\u0119.<br \/>\n5. W nagrzanym do 180 st C piekarniku zapieka\u0107, a\u017c wierzch nieco si\u0119 zrumieni. <\/p>\n","protected":false},"excerpt":{"rendered":"<p>1 kg winnych, dobrze rozgotowuj\u0105cych si\u0119 jab\u0142ek, 3\/4 szklanki cukru, 6 bia\u0142ek, cukier waniliowy, \u0142y\u017ceczka mas\u0142a, \u0142y\u017cka tartej bu\u0142ki 1. Obra\u0107 jab\u0142ka, pokroi\u0107 drobno, w\u0142o\u017cy\u0107 do garnka, podla\u0107 kilkoma \u0142y\u017ckami wody i dusi\u0107, a\u017c si\u0119 rozgotuj\u0105, dolewaj\u0105c po troszku wody, aby nie przywar\u0142y. 2. Do rozgotowanych jab\u0142ek doda\u0107 cukier i cukier waniliowy, gotuj\u0105c doprowadzi\u0107 do [&hellip;]<\/p>\n","protected":false},"author":2,"featured_media":0,"comment_status":"open","ping_status":"open","sticky":false,"template":"","format":"standard","meta":{"footnotes":""},"categories":[1],"tags":[],"_links":{"self":[{"href":"https:\/\/blog.polityka.pl\/adamczewski\/wp-json\/wp\/v2\/posts\/11162"}],"collection":[{"href":"https:\/\/blog.polityka.pl\/adamczewski\/wp-json\/wp\/v2\/posts"}],"about":[{"href":"https:\/\/blog.polityka.pl\/adamczewski\/wp-json\/wp\/v2\/types\/post"}],"author":[{"embeddable":true,"href":"https:\/\/blog.polityka.pl\/adamczewski\/wp-json\/wp\/v2\/users\/2"}],"replies":[{"embeddable":true,"href":"https:\/\/blog.polityka.pl\/adamczewski\/wp-json\/wp\/v2\/comments?post=11162"}],"version-history":[{"count":0,"href":"https:\/\/blog.polityka.pl\/adamczewski\/wp-json\/wp\/v2\/posts\/11162\/revisions"}],"wp:attachment":[{"href":"https:\/\/blog.polityka.pl\/adamczewski\/wp-json\/wp\/v2\/media?parent=11162"}],"wp:term":[{"taxonomy":"category","embeddable":true,"href":"https:\/\/blog.polityka.pl\/adamczewski\/wp-json\/wp\/v2\/categories?post=11162"},{"taxonomy":"post_tag","embeddable":true,"href":"https:\/\/blog.polityka.pl\/adamczewski\/wp-json\/wp\/v2\/tags?post=11162"}],"curies":[{"name":"wp","href":"https:\/\/api.w.org\/{rel}","templated":true}]}}