
{"id":11163,"date":"2012-08-24T06:27:05","date_gmt":"2012-08-24T05:27:05","guid":{"rendered":"http:\/\/adamczewscy.pl\/?p=3600"},"modified":"2012-08-24T06:27:05","modified_gmt":"2012-08-24T05:27:05","slug":"dorsz-z-parmezanem","status":"publish","type":"post","link":"https:\/\/blog.polityka.pl\/adamczewski\/2012\/08\/24\/dorsz-z-parmezanem\/","title":{"rendered":"Dorsz z parmezanem"},"content":{"rendered":"<p><em>60 dag filet\u00f3w z dorsza, po 3\/4  szklanki mleka i \u015bmietany, 2 \u0142y\u017cki m\u0105ki,  3 \u0142y\u017cki startego parmezanu, natka pietruszki, s\u00f3l, pieprz, oliwa<br \/>\n<\/em><br \/>\n1. Filety dorsza umy\u0107, os\u0105czy\u0107 i zala\u0107 mlekiem. Po 30 minutach wyj\u0105\u0107 i poczeka\u0107 by ociek\u0142y. W\u00f3wczas posoli\u0107, doprawi\u0107 \u015bwie\u017co zmielonym pieprzem, obtoczy\u0107 w m\u0105ce i usma\u017cy\u0107 na oliwie.<br \/>\n2. \u017baroodporne naczynie nasmarowa\u0107 oliw\u0105. U\u0142o\u017cy\u0107 w nim filety, zala\u0107 \u015bmietan\u0105 i posypa\u0107 parmezanem.<br \/>\n3. W\u0142o\u017cy\u0107 do piekarnika rozgrzanego do 180 st. C i zapieka\u0107 a\u017c wierzch zrobi si\u0119 z\u0142ocisty. Podaj\u0105c,  posypa\u0107 posiekan\u0105 natk\u0105 pietruszki. <\/p>\n","protected":false},"excerpt":{"rendered":"<p>60 dag filet\u00f3w z dorsza, po 3\/4 szklanki mleka i \u015bmietany, 2 \u0142y\u017cki m\u0105ki, 3 \u0142y\u017cki startego parmezanu, natka pietruszki, s\u00f3l, pieprz, oliwa 1. Filety dorsza umy\u0107, os\u0105czy\u0107 i zala\u0107 mlekiem. Po 30 minutach wyj\u0105\u0107 i poczeka\u0107 by ociek\u0142y. W\u00f3wczas posoli\u0107, doprawi\u0107 \u015bwie\u017co zmielonym pieprzem, obtoczy\u0107 w m\u0105ce i usma\u017cy\u0107 na oliwie. 2. \u017baroodporne naczynie [&hellip;]<\/p>\n","protected":false},"author":2,"featured_media":0,"comment_status":"open","ping_status":"open","sticky":false,"template":"","format":"standard","meta":{"footnotes":""},"categories":[1],"tags":[],"_links":{"self":[{"href":"https:\/\/blog.polityka.pl\/adamczewski\/wp-json\/wp\/v2\/posts\/11163"}],"collection":[{"href":"https:\/\/blog.polityka.pl\/adamczewski\/wp-json\/wp\/v2\/posts"}],"about":[{"href":"https:\/\/blog.polityka.pl\/adamczewski\/wp-json\/wp\/v2\/types\/post"}],"author":[{"embeddable":true,"href":"https:\/\/blog.polityka.pl\/adamczewski\/wp-json\/wp\/v2\/users\/2"}],"replies":[{"embeddable":true,"href":"https:\/\/blog.polityka.pl\/adamczewski\/wp-json\/wp\/v2\/comments?post=11163"}],"version-history":[{"count":0,"href":"https:\/\/blog.polityka.pl\/adamczewski\/wp-json\/wp\/v2\/posts\/11163\/revisions"}],"wp:attachment":[{"href":"https:\/\/blog.polityka.pl\/adamczewski\/wp-json\/wp\/v2\/media?parent=11163"}],"wp:term":[{"taxonomy":"category","embeddable":true,"href":"https:\/\/blog.polityka.pl\/adamczewski\/wp-json\/wp\/v2\/categories?post=11163"},{"taxonomy":"post_tag","embeddable":true,"href":"https:\/\/blog.polityka.pl\/adamczewski\/wp-json\/wp\/v2\/tags?post=11163"}],"curies":[{"name":"wp","href":"https:\/\/api.w.org\/{rel}","templated":true}]}}