
{"id":11164,"date":"2012-08-24T06:28:09","date_gmt":"2012-08-24T05:28:09","guid":{"rendered":"http:\/\/adamczewscy.pl\/?p=3601"},"modified":"2012-08-24T06:28:09","modified_gmt":"2012-08-24T05:28:09","slug":"krem-cytrynowy-2","status":"publish","type":"post","link":"https:\/\/blog.polityka.pl\/adamczewski\/2012\/08\/24\/krem-cytrynowy-2\/","title":{"rendered":"Krem cytrynowy"},"content":{"rendered":"<p><em>20 dag g\u0119stej \u015bmietany, 2 cytryny, 2 jajka, 2 \u0142yki cukru, 1, 5 \u0142y\u017ceczki \u017celatyny instant<br \/>\n<\/em><br \/>\n1. Cytryny sparzy\u0107 wrz\u0105tkiem,  jednej otrze\u0107 na tarce sk\u00f3rk\u0119, z drugiej odkroi\u0107 3-4 plasterki przeznaczone do dekoracji. Wycisn\u0105\u0107 z pozosta\u0142ych cytryn sok.<br \/>\n2. Utrze\u0107 \u017c\u00f3\u0142tka z cukrem na puszyst\u0105 mas\u0119, doda\u0107 \u015bmietan\u0119, sok i sk\u00f3rk\u0119 cytrynow\u0105.<br \/>\n3. \u017belatyn\u0119 rozpu\u015bci\u0107 w 2 \u0142y\u017ckach wrz\u0105cej wody, ostudzi\u0107 i doda\u0107 do masy, wymiesza\u0107. Odstawi\u0107 mas\u0119 do lod\u00f3wki.<br \/>\n4. Z bia\u0142ek ubi\u0107 sztywn\u0105 pian\u0119, doda\u0107 do t\u0119\u017cej\u0105cej masy, wymiesza\u0107 ostro\u017cnie.<br \/>\n5. Kremem nape\u0142ni\u0107 pucharki dekoruj\u0105c kawa\u0142kiem lub ca\u0142ym plasterkiem cytryny. <\/p>\n","protected":false},"excerpt":{"rendered":"<p>20 dag g\u0119stej \u015bmietany, 2 cytryny, 2 jajka, 2 \u0142yki cukru, 1, 5 \u0142y\u017ceczki \u017celatyny instant 1. Cytryny sparzy\u0107 wrz\u0105tkiem, jednej otrze\u0107 na tarce sk\u00f3rk\u0119, z drugiej odkroi\u0107 3-4 plasterki przeznaczone do dekoracji. Wycisn\u0105\u0107 z pozosta\u0142ych cytryn sok. 2. Utrze\u0107 \u017c\u00f3\u0142tka z cukrem na puszyst\u0105 mas\u0119, doda\u0107 \u015bmietan\u0119, sok i sk\u00f3rk\u0119 cytrynow\u0105. 3. \u017belatyn\u0119 rozpu\u015bci\u0107 [&hellip;]<\/p>\n","protected":false},"author":2,"featured_media":0,"comment_status":"open","ping_status":"open","sticky":false,"template":"","format":"standard","meta":{"footnotes":""},"categories":[1],"tags":[],"_links":{"self":[{"href":"https:\/\/blog.polityka.pl\/adamczewski\/wp-json\/wp\/v2\/posts\/11164"}],"collection":[{"href":"https:\/\/blog.polityka.pl\/adamczewski\/wp-json\/wp\/v2\/posts"}],"about":[{"href":"https:\/\/blog.polityka.pl\/adamczewski\/wp-json\/wp\/v2\/types\/post"}],"author":[{"embeddable":true,"href":"https:\/\/blog.polityka.pl\/adamczewski\/wp-json\/wp\/v2\/users\/2"}],"replies":[{"embeddable":true,"href":"https:\/\/blog.polityka.pl\/adamczewski\/wp-json\/wp\/v2\/comments?post=11164"}],"version-history":[{"count":0,"href":"https:\/\/blog.polityka.pl\/adamczewski\/wp-json\/wp\/v2\/posts\/11164\/revisions"}],"wp:attachment":[{"href":"https:\/\/blog.polityka.pl\/adamczewski\/wp-json\/wp\/v2\/media?parent=11164"}],"wp:term":[{"taxonomy":"category","embeddable":true,"href":"https:\/\/blog.polityka.pl\/adamczewski\/wp-json\/wp\/v2\/categories?post=11164"},{"taxonomy":"post_tag","embeddable":true,"href":"https:\/\/blog.polityka.pl\/adamczewski\/wp-json\/wp\/v2\/tags?post=11164"}],"curies":[{"name":"wp","href":"https:\/\/api.w.org\/{rel}","templated":true}]}}