
{"id":11165,"date":"2012-08-24T06:29:11","date_gmt":"2012-08-24T05:29:11","guid":{"rendered":"http:\/\/adamczewscy.pl\/?p=3602"},"modified":"2012-08-24T06:29:11","modified_gmt":"2012-08-24T05:29:11","slug":"babeczki-czekoladowe","status":"publish","type":"post","link":"https:\/\/blog.polityka.pl\/adamczewski\/2012\/08\/24\/babeczki-czekoladowe\/","title":{"rendered":"Babeczki czekoladowe"},"content":{"rendered":"<p><em>15 dag mas\u0142a (3\/4 kostki), 15 dag czekolady deserowej, 5 jajek, szklanka cukru, 1\/2 szklanki m\u0105ki,<br \/>\nDo posmarowania foremek: \u0142y\u017ceczka mas\u0142a<br \/>\nDo wysypania foremek: \u0142y\u017cka tartej bu\u0142ki<br \/>\n<\/em><br \/>\n1. Mas\u0142o wraz z czekolad\u0105 rozpu\u015bci\u0107, najlepiej w kuchence mikrofalowej lub w garnuszku zanurzonym w wi\u0119kszym garnku z wrz\u0105c\u0105 wod\u0105.<br \/>\n2. Jajka ubi\u0107 na puszyst\u0105 mas\u0119 z cukrem, doda\u0107 m\u0105k\u0119 i wymiesza\u0107 dok\u0142adnie z mas\u0142em z czekolad\u0105.<br \/>\n3. Foremki- babeczki posmarowa\u0107 mas\u0142em i wysypa\u0107 tart\u0105 bu\u0142k\u0105.<br \/>\n4. Foremki wype\u0142ni\u0107 ciastem, zrobi\u0107 w \u015brodku wg\u0142\u0119bienie. Wstawi\u0107 babeczki do zamra\u017calnika.<br \/>\n5. Zamro\u017cone babeczki bez rozmra\u017cania piec w nagrzanym do 240 st. C piekarniku przez oko\u0142o 4 minuty.<br \/>\n6. Wg\u0142\u0119bienie wype\u0142nia\u0107 konfitur\u0105 lub mi\u0119kkimi owocami. <\/p>\n","protected":false},"excerpt":{"rendered":"<p>15 dag mas\u0142a (3\/4 kostki), 15 dag czekolady deserowej, 5 jajek, szklanka cukru, 1\/2 szklanki m\u0105ki, Do posmarowania foremek: \u0142y\u017ceczka mas\u0142a Do wysypania foremek: \u0142y\u017cka tartej bu\u0142ki 1. Mas\u0142o wraz z czekolad\u0105 rozpu\u015bci\u0107, najlepiej w kuchence mikrofalowej lub w garnuszku zanurzonym w wi\u0119kszym garnku z wrz\u0105c\u0105 wod\u0105. 2. Jajka ubi\u0107 na puszyst\u0105 mas\u0119 z cukrem, [&hellip;]<\/p>\n","protected":false},"author":2,"featured_media":0,"comment_status":"open","ping_status":"open","sticky":false,"template":"","format":"standard","meta":{"footnotes":""},"categories":[1],"tags":[],"_links":{"self":[{"href":"https:\/\/blog.polityka.pl\/adamczewski\/wp-json\/wp\/v2\/posts\/11165"}],"collection":[{"href":"https:\/\/blog.polityka.pl\/adamczewski\/wp-json\/wp\/v2\/posts"}],"about":[{"href":"https:\/\/blog.polityka.pl\/adamczewski\/wp-json\/wp\/v2\/types\/post"}],"author":[{"embeddable":true,"href":"https:\/\/blog.polityka.pl\/adamczewski\/wp-json\/wp\/v2\/users\/2"}],"replies":[{"embeddable":true,"href":"https:\/\/blog.polityka.pl\/adamczewski\/wp-json\/wp\/v2\/comments?post=11165"}],"version-history":[{"count":0,"href":"https:\/\/blog.polityka.pl\/adamczewski\/wp-json\/wp\/v2\/posts\/11165\/revisions"}],"wp:attachment":[{"href":"https:\/\/blog.polityka.pl\/adamczewski\/wp-json\/wp\/v2\/media?parent=11165"}],"wp:term":[{"taxonomy":"category","embeddable":true,"href":"https:\/\/blog.polityka.pl\/adamczewski\/wp-json\/wp\/v2\/categories?post=11165"},{"taxonomy":"post_tag","embeddable":true,"href":"https:\/\/blog.polityka.pl\/adamczewski\/wp-json\/wp\/v2\/tags?post=11165"}],"curies":[{"name":"wp","href":"https:\/\/api.w.org\/{rel}","templated":true}]}}