
{"id":11166,"date":"2012-08-31T06:14:10","date_gmt":"2012-08-31T05:14:10","guid":{"rendered":"http:\/\/adamczewscy.pl\/?p=3604"},"modified":"2012-08-31T06:14:10","modified_gmt":"2012-08-31T05:14:10","slug":"surowka-z-cykorii-i-winogron","status":"publish","type":"post","link":"https:\/\/blog.polityka.pl\/adamczewski\/2012\/08\/31\/surowka-z-cykorii-i-winogron\/","title":{"rendered":"Sur\u00f3wka z cykorii i winogron"},"content":{"rendered":"<p><em>3 kolby cykorii, szklana oberwanych z ga\u0142\u0105zek ciemnych bezpestkowych winogron, 1\/2 szklanka orzech\u00f3w laskowych, 4 \u0142y\u017cki g\u0119stego jogurtu naturalnego, \u0142y\u017cka p\u0142ynnego miodu, \u0142y\u017cka oleju arachidowego, kilka listk\u00f3w sa\u0142aty, s\u00f3l, pieprz<br \/>\n<\/em><br \/>\n1. Cykorie umy\u0107, podzieli\u0107 na listki, porwa\u0107 je palcami. Orzechy posieka\u0107, winogrona poprzekrawa\u0107 na po\u0142\u00f3wki<br \/>\n2. Przygotowa\u0107 sos mieszaj\u0105c jogurt, mi\u00f3d i olej, doprawiaj\u0105c sol\u0105 i pieprzem.<br \/>\n3. W salaterce wymiesza\u0107 cykori\u0119 z posiekanymi orzechami i winogronami pola\u0107 sosem i wymiesza\u0107.<br \/>\n4. Przybra\u0107 sa\u0142atk\u0119 listkami sa\u0142aty. <\/p>\n","protected":false},"excerpt":{"rendered":"<p>3 kolby cykorii, szklana oberwanych z ga\u0142\u0105zek ciemnych bezpestkowych winogron, 1\/2 szklanka orzech\u00f3w laskowych, 4 \u0142y\u017cki g\u0119stego jogurtu naturalnego, \u0142y\u017cka p\u0142ynnego miodu, \u0142y\u017cka oleju arachidowego, kilka listk\u00f3w sa\u0142aty, s\u00f3l, pieprz 1. Cykorie umy\u0107, podzieli\u0107 na listki, porwa\u0107 je palcami. Orzechy posieka\u0107, winogrona poprzekrawa\u0107 na po\u0142\u00f3wki 2. Przygotowa\u0107 sos mieszaj\u0105c jogurt, mi\u00f3d i olej, doprawiaj\u0105c sol\u0105 [&hellip;]<\/p>\n","protected":false},"author":2,"featured_media":0,"comment_status":"open","ping_status":"open","sticky":false,"template":"","format":"standard","meta":{"footnotes":""},"categories":[1],"tags":[],"_links":{"self":[{"href":"https:\/\/blog.polityka.pl\/adamczewski\/wp-json\/wp\/v2\/posts\/11166"}],"collection":[{"href":"https:\/\/blog.polityka.pl\/adamczewski\/wp-json\/wp\/v2\/posts"}],"about":[{"href":"https:\/\/blog.polityka.pl\/adamczewski\/wp-json\/wp\/v2\/types\/post"}],"author":[{"embeddable":true,"href":"https:\/\/blog.polityka.pl\/adamczewski\/wp-json\/wp\/v2\/users\/2"}],"replies":[{"embeddable":true,"href":"https:\/\/blog.polityka.pl\/adamczewski\/wp-json\/wp\/v2\/comments?post=11166"}],"version-history":[{"count":0,"href":"https:\/\/blog.polityka.pl\/adamczewski\/wp-json\/wp\/v2\/posts\/11166\/revisions"}],"wp:attachment":[{"href":"https:\/\/blog.polityka.pl\/adamczewski\/wp-json\/wp\/v2\/media?parent=11166"}],"wp:term":[{"taxonomy":"category","embeddable":true,"href":"https:\/\/blog.polityka.pl\/adamczewski\/wp-json\/wp\/v2\/categories?post=11166"},{"taxonomy":"post_tag","embeddable":true,"href":"https:\/\/blog.polityka.pl\/adamczewski\/wp-json\/wp\/v2\/tags?post=11166"}],"curies":[{"name":"wp","href":"https:\/\/api.w.org\/{rel}","templated":true}]}}