
{"id":11167,"date":"2012-08-31T06:14:57","date_gmt":"2012-08-31T05:14:57","guid":{"rendered":"http:\/\/adamczewscy.pl\/?p=3605"},"modified":"2012-08-31T06:14:57","modified_gmt":"2012-08-31T05:14:57","slug":"surowka-z-kiszonych-ogorkow","status":"publish","type":"post","link":"https:\/\/blog.polityka.pl\/adamczewski\/2012\/08\/31\/surowka-z-kiszonych-ogorkow\/","title":{"rendered":"Sur\u00f3wka z kiszonych og\u00f3rk\u00f3w"},"content":{"rendered":"<p><em>40 dag kiszonych og\u00f3rk\u00f3w, 2 jab\u0142ka, 6-8 listk\u00f3w zielonej sa\u0142aty, 4 \u0142y\u017cki siekanego szczypiorku, 3 \u0142y\u017cki oleju, \u0142y\u017cka soku z cytryny , \u0142y\u017cka majonezu, s\u00f3l, pieprz<br \/>\n<\/em><\/p>\n<p>1. Og\u00f3rki kiszone pokroi\u0107 w kostk\u0119.<br \/>\n2. Jab\u0142ka obra\u0107 ze sk\u00f3rki, wyci\u0105\u0107 gniazda nasienne, jab\u0142ka pokroi\u0107 w kostk\u0119.<br \/>\n3. Wymiesza\u0107 og\u00f3rki i jab\u0142ka oraz szczypiorek.<br \/>\n4. Na roz\u0142o\u017conych li\u015bciach sa\u0142aty u\u0142o\u017cy\u0107 sa\u0142atk\u0119, pola\u0107 majonezem wymieszanym z sokiem cytrynowym i olejem, doprawionym sol\u0105 i pieprzem. <\/p>\n","protected":false},"excerpt":{"rendered":"<p>40 dag kiszonych og\u00f3rk\u00f3w, 2 jab\u0142ka, 6-8 listk\u00f3w zielonej sa\u0142aty, 4 \u0142y\u017cki siekanego szczypiorku, 3 \u0142y\u017cki oleju, \u0142y\u017cka soku z cytryny , \u0142y\u017cka majonezu, s\u00f3l, pieprz 1. Og\u00f3rki kiszone pokroi\u0107 w kostk\u0119. 2. Jab\u0142ka obra\u0107 ze sk\u00f3rki, wyci\u0105\u0107 gniazda nasienne, jab\u0142ka pokroi\u0107 w kostk\u0119. 3. Wymiesza\u0107 og\u00f3rki i jab\u0142ka oraz szczypiorek. 4. Na roz\u0142o\u017conych li\u015bciach [&hellip;]<\/p>\n","protected":false},"author":2,"featured_media":0,"comment_status":"open","ping_status":"open","sticky":false,"template":"","format":"standard","meta":{"footnotes":""},"categories":[1],"tags":[],"_links":{"self":[{"href":"https:\/\/blog.polityka.pl\/adamczewski\/wp-json\/wp\/v2\/posts\/11167"}],"collection":[{"href":"https:\/\/blog.polityka.pl\/adamczewski\/wp-json\/wp\/v2\/posts"}],"about":[{"href":"https:\/\/blog.polityka.pl\/adamczewski\/wp-json\/wp\/v2\/types\/post"}],"author":[{"embeddable":true,"href":"https:\/\/blog.polityka.pl\/adamczewski\/wp-json\/wp\/v2\/users\/2"}],"replies":[{"embeddable":true,"href":"https:\/\/blog.polityka.pl\/adamczewski\/wp-json\/wp\/v2\/comments?post=11167"}],"version-history":[{"count":0,"href":"https:\/\/blog.polityka.pl\/adamczewski\/wp-json\/wp\/v2\/posts\/11167\/revisions"}],"wp:attachment":[{"href":"https:\/\/blog.polityka.pl\/adamczewski\/wp-json\/wp\/v2\/media?parent=11167"}],"wp:term":[{"taxonomy":"category","embeddable":true,"href":"https:\/\/blog.polityka.pl\/adamczewski\/wp-json\/wp\/v2\/categories?post=11167"},{"taxonomy":"post_tag","embeddable":true,"href":"https:\/\/blog.polityka.pl\/adamczewski\/wp-json\/wp\/v2\/tags?post=11167"}],"curies":[{"name":"wp","href":"https:\/\/api.w.org\/{rel}","templated":true}]}}