
{"id":11168,"date":"2012-08-31T06:15:41","date_gmt":"2012-08-31T05:15:41","guid":{"rendered":"http:\/\/adamczewscy.pl\/?p=3606"},"modified":"2012-08-31T06:15:41","modified_gmt":"2012-08-31T05:15:41","slug":"babka-majonezowa","status":"publish","type":"post","link":"https:\/\/blog.polityka.pl\/adamczewski\/2012\/08\/31\/babka-majonezowa\/","title":{"rendered":"Babka majonezowa"},"content":{"rendered":"<p><em>Na ciasto: 3\/4 szklanki m\u0105ki pszennej, 1\/2 szklanki m\u0105ki ziemniaczanej, szklanka cukru, \u0142y\u017ceczka proszku do pieczenia, 4 jajka,  ? szklanki (15 dag) majonezu, 5 kropli aromatu rumowego<br \/>\nDo posmarowani formy: \u0142y\u017ceczka mas\u0142a<br \/>\nDo wysypania formy: ? szklanki pokruszonych herbatnik\u00f3w<br \/>\nNa cukier: 2\/3 szklanki cukru pudru \u0142y\u017cka kawy rozpuszczalnej, 3 \u0142y\u017cki mleka<br \/>\n<\/em><br \/>\n1. Ubi\u0107 pian\u0119 z bia\u0142ek; kiedy jest bardzo sztywna dodawa\u0107 cukier i dalej ubija\u0107, a\u017c piana b\u0119dzie spada\u0107 z trzepaczki p\u0142atami.<br \/>\n2. Do piany doda\u0107 rozm\u0105cone \u017c\u00f3\u0142tka,<br \/>\n3. Wymiesza\u0107 oba rodzaje m\u0105ki i proszek do pieczenia.<br \/>\n4. Do piany z \u017c\u00f3\u0142tkami dodawa\u0107 naprzemiennie m\u0105ki i majonez, delikatnie mieszaj\u0105c.<br \/>\n5. Form\u0119 (najlepiej pod\u0142u\u017cn\u0105)  nat\u0142u\u015bci\u0107, posypa\u0107 pokruszonymi herbatnikami i prze\u0142o\u017cy\u0107 do niej ciasto.<br \/>\n6. W piekarniku nagrzanym do temperatury 180 st. C piec ciasto 40 minut.<br \/>\n7. Po upieczeniu ciasta przygotowa\u0107 lukier: cukier puder uciera\u0107 z kaw\u0105 i gor\u0105cym mlekiem, a\u017c powstanie jednorodna masa.<br \/>\n8. Lukrem od razu smarowa\u0107 lekko ostudzone ciasto. <\/p>\n","protected":false},"excerpt":{"rendered":"<p>Na ciasto: 3\/4 szklanki m\u0105ki pszennej, 1\/2 szklanki m\u0105ki ziemniaczanej, szklanka cukru, \u0142y\u017ceczka proszku do pieczenia, 4 jajka, ? szklanki (15 dag) majonezu, 5 kropli aromatu rumowego Do posmarowani formy: \u0142y\u017ceczka mas\u0142a Do wysypania formy: ? szklanki pokruszonych herbatnik\u00f3w Na cukier: 2\/3 szklanki cukru pudru \u0142y\u017cka kawy rozpuszczalnej, 3 \u0142y\u017cki mleka 1. Ubi\u0107 pian\u0119 z [&hellip;]<\/p>\n","protected":false},"author":2,"featured_media":0,"comment_status":"open","ping_status":"open","sticky":false,"template":"","format":"standard","meta":{"footnotes":""},"categories":[1],"tags":[],"_links":{"self":[{"href":"https:\/\/blog.polityka.pl\/adamczewski\/wp-json\/wp\/v2\/posts\/11168"}],"collection":[{"href":"https:\/\/blog.polityka.pl\/adamczewski\/wp-json\/wp\/v2\/posts"}],"about":[{"href":"https:\/\/blog.polityka.pl\/adamczewski\/wp-json\/wp\/v2\/types\/post"}],"author":[{"embeddable":true,"href":"https:\/\/blog.polityka.pl\/adamczewski\/wp-json\/wp\/v2\/users\/2"}],"replies":[{"embeddable":true,"href":"https:\/\/blog.polityka.pl\/adamczewski\/wp-json\/wp\/v2\/comments?post=11168"}],"version-history":[{"count":0,"href":"https:\/\/blog.polityka.pl\/adamczewski\/wp-json\/wp\/v2\/posts\/11168\/revisions"}],"wp:attachment":[{"href":"https:\/\/blog.polityka.pl\/adamczewski\/wp-json\/wp\/v2\/media?parent=11168"}],"wp:term":[{"taxonomy":"category","embeddable":true,"href":"https:\/\/blog.polityka.pl\/adamczewski\/wp-json\/wp\/v2\/categories?post=11168"},{"taxonomy":"post_tag","embeddable":true,"href":"https:\/\/blog.polityka.pl\/adamczewski\/wp-json\/wp\/v2\/tags?post=11168"}],"curies":[{"name":"wp","href":"https:\/\/api.w.org\/{rel}","templated":true}]}}