
{"id":11169,"date":"2012-08-31T06:16:30","date_gmt":"2012-08-31T05:16:30","guid":{"rendered":"http:\/\/adamczewscy.pl\/?p=3607"},"modified":"2012-08-31T06:16:30","modified_gmt":"2012-08-31T05:16:30","slug":"surowka-z-rzodkiewek-i-kielkow","status":"publish","type":"post","link":"https:\/\/blog.polityka.pl\/adamczewski\/2012\/08\/31\/surowka-z-rzodkiewek-i-kielkow\/","title":{"rendered":"Sur\u00f3wka z rzodkiewek i kie\u0142k\u00f3w"},"content":{"rendered":"<p><em>2 p\u0119czki rzodkiewek, 20 dag kie\u0142k\u00f3w sojowych, winne jab\u0142ko, 3 dymki wraz ze szczypiorem, \u0142y\u017cka soku cytrynowego, szklanka oleju, 2 \u0142y\u017cki p\u0142ynnego miodu, 2 \u0142y\u017cki musztardy, s\u00f3l<br \/>\n<\/em><br \/>\n1. W garnuszku przygotowa\u0107 sos: rozetrze\u0107 mi\u00f3d z olejem, musztard\u0105 i sol\u0105.<br \/>\n2. Rozdkiewk\u0119 umy\u0107, pokroi\u0107 w cieniutkie plasterki, Dymki pokroi\u0107 w cienkie talarki, szczypior posieka\u0107.<br \/>\n3. Jab\u0142ko obra\u0107, pokroi\u0107 w drobn\u0105 kostk\u0119.<br \/>\n4. Wszystkie sk\u0142adniki w\u0142o\u017cy\u0107 do salaterki, doda\u0107 kie\u0142ki sojowe, wymiesza\u0107, pola\u0107 sosem i jeszcze raz wymiesza\u0107. <\/p>\n","protected":false},"excerpt":{"rendered":"<p>2 p\u0119czki rzodkiewek, 20 dag kie\u0142k\u00f3w sojowych, winne jab\u0142ko, 3 dymki wraz ze szczypiorem, \u0142y\u017cka soku cytrynowego, szklanka oleju, 2 \u0142y\u017cki p\u0142ynnego miodu, 2 \u0142y\u017cki musztardy, s\u00f3l 1. W garnuszku przygotowa\u0107 sos: rozetrze\u0107 mi\u00f3d z olejem, musztard\u0105 i sol\u0105. 2. Rozdkiewk\u0119 umy\u0107, pokroi\u0107 w cieniutkie plasterki, Dymki pokroi\u0107 w cienkie talarki, szczypior posieka\u0107. 3. Jab\u0142ko [&hellip;]<\/p>\n","protected":false},"author":2,"featured_media":0,"comment_status":"open","ping_status":"open","sticky":false,"template":"","format":"standard","meta":{"footnotes":""},"categories":[1],"tags":[],"_links":{"self":[{"href":"https:\/\/blog.polityka.pl\/adamczewski\/wp-json\/wp\/v2\/posts\/11169"}],"collection":[{"href":"https:\/\/blog.polityka.pl\/adamczewski\/wp-json\/wp\/v2\/posts"}],"about":[{"href":"https:\/\/blog.polityka.pl\/adamczewski\/wp-json\/wp\/v2\/types\/post"}],"author":[{"embeddable":true,"href":"https:\/\/blog.polityka.pl\/adamczewski\/wp-json\/wp\/v2\/users\/2"}],"replies":[{"embeddable":true,"href":"https:\/\/blog.polityka.pl\/adamczewski\/wp-json\/wp\/v2\/comments?post=11169"}],"version-history":[{"count":0,"href":"https:\/\/blog.polityka.pl\/adamczewski\/wp-json\/wp\/v2\/posts\/11169\/revisions"}],"wp:attachment":[{"href":"https:\/\/blog.polityka.pl\/adamczewski\/wp-json\/wp\/v2\/media?parent=11169"}],"wp:term":[{"taxonomy":"category","embeddable":true,"href":"https:\/\/blog.polityka.pl\/adamczewski\/wp-json\/wp\/v2\/categories?post=11169"},{"taxonomy":"post_tag","embeddable":true,"href":"https:\/\/blog.polityka.pl\/adamczewski\/wp-json\/wp\/v2\/tags?post=11169"}],"curies":[{"name":"wp","href":"https:\/\/api.w.org\/{rel}","templated":true}]}}