
{"id":11170,"date":"2012-08-31T06:17:52","date_gmt":"2012-08-31T05:17:52","guid":{"rendered":"http:\/\/adamczewscy.pl\/?p=3608"},"modified":"2012-08-31T06:17:52","modified_gmt":"2012-08-31T05:17:52","slug":"%e2%80%9ekurczaczki%e2%80%9d","status":"publish","type":"post","link":"https:\/\/blog.polityka.pl\/adamczewski\/2012\/08\/31\/%e2%80%9ekurczaczki%e2%80%9d\/","title":{"rendered":"?Kurczaczki?"},"content":{"rendered":"<p><em>Ok. 1 kg podw\u00f3jnych filet\u00f3w z kurczaka, p\u00f3\u0142 szklanki majonezu, 3 p\u0142askie \u0142y\u017cki m\u0105ki ziemniaczanej, szklanka tartego sera \u017c\u00f3\u0142tego, pieprz, s\u00f3l, 1\/4 szklanki oleju do sma\u017cenia<br \/>\n<\/em><br \/>\n1. Mi\u0119so wraz z serem zemle\u0107 w maszynce, doda\u0107 m\u0105k\u0119 ziemniaczan\u0105, jajka, majonez, s\u00f3l, pieprz. Dok\u0142adnie wymiesza\u0107 mas\u0119.<br \/>\n2. Rozgrza\u0107 na patelni olej, \u0142y\u017ck\u0105 nabiera\u0107 mas\u0119 mi\u0119sn\u0105, nak\u0142ada\u0107 na patelni\u0119, sma\u017cy\u0107 z obu stron na rumiano. <\/p>\n","protected":false},"excerpt":{"rendered":"<p>Ok. 1 kg podw\u00f3jnych filet\u00f3w z kurczaka, p\u00f3\u0142 szklanki majonezu, 3 p\u0142askie \u0142y\u017cki m\u0105ki ziemniaczanej, szklanka tartego sera \u017c\u00f3\u0142tego, pieprz, s\u00f3l, 1\/4 szklanki oleju do sma\u017cenia 1. Mi\u0119so wraz z serem zemle\u0107 w maszynce, doda\u0107 m\u0105k\u0119 ziemniaczan\u0105, jajka, majonez, s\u00f3l, pieprz. Dok\u0142adnie wymiesza\u0107 mas\u0119. 2. Rozgrza\u0107 na patelni olej, \u0142y\u017ck\u0105 nabiera\u0107 mas\u0119 mi\u0119sn\u0105, nak\u0142ada\u0107 na [&hellip;]<\/p>\n","protected":false},"author":2,"featured_media":0,"comment_status":"open","ping_status":"open","sticky":false,"template":"","format":"standard","meta":{"footnotes":""},"categories":[1],"tags":[],"_links":{"self":[{"href":"https:\/\/blog.polityka.pl\/adamczewski\/wp-json\/wp\/v2\/posts\/11170"}],"collection":[{"href":"https:\/\/blog.polityka.pl\/adamczewski\/wp-json\/wp\/v2\/posts"}],"about":[{"href":"https:\/\/blog.polityka.pl\/adamczewski\/wp-json\/wp\/v2\/types\/post"}],"author":[{"embeddable":true,"href":"https:\/\/blog.polityka.pl\/adamczewski\/wp-json\/wp\/v2\/users\/2"}],"replies":[{"embeddable":true,"href":"https:\/\/blog.polityka.pl\/adamczewski\/wp-json\/wp\/v2\/comments?post=11170"}],"version-history":[{"count":0,"href":"https:\/\/blog.polityka.pl\/adamczewski\/wp-json\/wp\/v2\/posts\/11170\/revisions"}],"wp:attachment":[{"href":"https:\/\/blog.polityka.pl\/adamczewski\/wp-json\/wp\/v2\/media?parent=11170"}],"wp:term":[{"taxonomy":"category","embeddable":true,"href":"https:\/\/blog.polityka.pl\/adamczewski\/wp-json\/wp\/v2\/categories?post=11170"},{"taxonomy":"post_tag","embeddable":true,"href":"https:\/\/blog.polityka.pl\/adamczewski\/wp-json\/wp\/v2\/tags?post=11170"}],"curies":[{"name":"wp","href":"https:\/\/api.w.org\/{rel}","templated":true}]}}