
{"id":11171,"date":"2012-09-07T06:30:38","date_gmt":"2012-09-07T05:30:38","guid":{"rendered":"http:\/\/adamczewscy.pl\/?p=3610"},"modified":"2012-09-07T06:30:38","modified_gmt":"2012-09-07T05:30:38","slug":"bananowy-kurczak","status":"publish","type":"post","link":"https:\/\/blog.polityka.pl\/adamczewski\/2012\/09\/07\/bananowy-kurczak\/","title":{"rendered":"Bananowy kurczak"},"content":{"rendered":"<p><em>Kurczak wagi oko\u0142o 1,5 kg, 5 banan\u00f3w, 1\/2 szklanki bia\u0142ego wina, 1,5 \u0142y\u017cki rumu, 4 \u0142y\u017cki oliwy z oliwek, 1,5 \u0142y\u017cki mas\u0142a, szczypta mielonego imbiru, s\u00f3l, pieprz<br \/>\n<\/em><br \/>\n1. Kurczaka pokroi\u0107 na 6 cz\u0119\u015bci, w naczyniu \u017caroodpornym rozgrza\u0107 oliw\u0119 i obrumieni\u0107 kawa\u0142ki mi\u0119sa, posypa\u0107 sol\u0105 i pieprzem, pola\u0107 rumem i zapali\u0107.<br \/>\n2. Doda\u0107 do mi\u0119sa wino, imbir i dusi\u0107 na niewielkim ogniu oko\u0142o godziny.<br \/>\n3. Banany obra\u0107,  obsma\u017cy\u0107 na ma\u015ble, pokroi\u0107 na plasterki.<br \/>\n4. Kawa\u0142ki kurczaka u\u0142o\u017cy\u0107 na p\u00f3\u0142misku i ob\u0142o\u017cy\u0107 kawa\u0142kami podsma\u017conych banan\u00f3w. <\/p>\n","protected":false},"excerpt":{"rendered":"<p>Kurczak wagi oko\u0142o 1,5 kg, 5 banan\u00f3w, 1\/2 szklanki bia\u0142ego wina, 1,5 \u0142y\u017cki rumu, 4 \u0142y\u017cki oliwy z oliwek, 1,5 \u0142y\u017cki mas\u0142a, szczypta mielonego imbiru, s\u00f3l, pieprz 1. Kurczaka pokroi\u0107 na 6 cz\u0119\u015bci, w naczyniu \u017caroodpornym rozgrza\u0107 oliw\u0119 i obrumieni\u0107 kawa\u0142ki mi\u0119sa, posypa\u0107 sol\u0105 i pieprzem, pola\u0107 rumem i zapali\u0107. 2. Doda\u0107 do mi\u0119sa wino, [&hellip;]<\/p>\n","protected":false},"author":2,"featured_media":0,"comment_status":"open","ping_status":"open","sticky":false,"template":"","format":"standard","meta":{"footnotes":""},"categories":[1],"tags":[],"_links":{"self":[{"href":"https:\/\/blog.polityka.pl\/adamczewski\/wp-json\/wp\/v2\/posts\/11171"}],"collection":[{"href":"https:\/\/blog.polityka.pl\/adamczewski\/wp-json\/wp\/v2\/posts"}],"about":[{"href":"https:\/\/blog.polityka.pl\/adamczewski\/wp-json\/wp\/v2\/types\/post"}],"author":[{"embeddable":true,"href":"https:\/\/blog.polityka.pl\/adamczewski\/wp-json\/wp\/v2\/users\/2"}],"replies":[{"embeddable":true,"href":"https:\/\/blog.polityka.pl\/adamczewski\/wp-json\/wp\/v2\/comments?post=11171"}],"version-history":[{"count":0,"href":"https:\/\/blog.polityka.pl\/adamczewski\/wp-json\/wp\/v2\/posts\/11171\/revisions"}],"wp:attachment":[{"href":"https:\/\/blog.polityka.pl\/adamczewski\/wp-json\/wp\/v2\/media?parent=11171"}],"wp:term":[{"taxonomy":"category","embeddable":true,"href":"https:\/\/blog.polityka.pl\/adamczewski\/wp-json\/wp\/v2\/categories?post=11171"},{"taxonomy":"post_tag","embeddable":true,"href":"https:\/\/blog.polityka.pl\/adamczewski\/wp-json\/wp\/v2\/tags?post=11171"}],"curies":[{"name":"wp","href":"https:\/\/api.w.org\/{rel}","templated":true}]}}