
{"id":11173,"date":"2012-09-07T06:32:36","date_gmt":"2012-09-07T05:32:36","guid":{"rendered":"http:\/\/adamczewscy.pl\/?p=3612"},"modified":"2012-09-07T06:32:36","modified_gmt":"2012-09-07T05:32:36","slug":"risotto-wegetarianskie","status":"publish","type":"post","link":"https:\/\/blog.polityka.pl\/adamczewski\/2012\/09\/07\/risotto-wegetarianskie\/","title":{"rendered":"Risotto wegetaria\u0144skie"},"content":{"rendered":"<p><em>Torebka ry\u017cu, opakowanie mro\u017conki ?Mieszanki chi\u0144skiej?, 1\/2 szklanki wody, kostka bulionu warzywnego, 3 \u0142y\u017cki oliwy z oliwek, s\u00f3l, przyprawa curry, szczypta suszonej bazylii<br \/>\n<\/em><br \/>\n1. Ugotowa\u0107 ry\u017c w torebce (oko\u0142o 10 minut).<br \/>\n2. Na patelni rozgrza\u0107 oliw\u0119, wrzuci\u0107 zamro\u017cone warzywa, przykry\u0107 i dusi\u0107 oko\u0142o 15 minut, mieszaj\u0105c od czasu do czasu.<br \/>\n3. Do warzyw doda\u0107 podgotowany ry\u017c, pokruszon\u0105 kostk\u0119 bulionow\u0105, 1\/2 szklanki wody. Dusi\u0107,  pod koniec bez przykrycia, a\u017c odparuje woda, Doprawi\u0107 sol\u0105, curry i bazyli\u0105. <\/p>\n","protected":false},"excerpt":{"rendered":"<p>Torebka ry\u017cu, opakowanie mro\u017conki ?Mieszanki chi\u0144skiej?, 1\/2 szklanki wody, kostka bulionu warzywnego, 3 \u0142y\u017cki oliwy z oliwek, s\u00f3l, przyprawa curry, szczypta suszonej bazylii 1. Ugotowa\u0107 ry\u017c w torebce (oko\u0142o 10 minut). 2. Na patelni rozgrza\u0107 oliw\u0119, wrzuci\u0107 zamro\u017cone warzywa, przykry\u0107 i dusi\u0107 oko\u0142o 15 minut, mieszaj\u0105c od czasu do czasu. 3. Do warzyw doda\u0107 podgotowany [&hellip;]<\/p>\n","protected":false},"author":2,"featured_media":0,"comment_status":"open","ping_status":"open","sticky":false,"template":"","format":"standard","meta":{"footnotes":""},"categories":[1],"tags":[],"_links":{"self":[{"href":"https:\/\/blog.polityka.pl\/adamczewski\/wp-json\/wp\/v2\/posts\/11173"}],"collection":[{"href":"https:\/\/blog.polityka.pl\/adamczewski\/wp-json\/wp\/v2\/posts"}],"about":[{"href":"https:\/\/blog.polityka.pl\/adamczewski\/wp-json\/wp\/v2\/types\/post"}],"author":[{"embeddable":true,"href":"https:\/\/blog.polityka.pl\/adamczewski\/wp-json\/wp\/v2\/users\/2"}],"replies":[{"embeddable":true,"href":"https:\/\/blog.polityka.pl\/adamczewski\/wp-json\/wp\/v2\/comments?post=11173"}],"version-history":[{"count":0,"href":"https:\/\/blog.polityka.pl\/adamczewski\/wp-json\/wp\/v2\/posts\/11173\/revisions"}],"wp:attachment":[{"href":"https:\/\/blog.polityka.pl\/adamczewski\/wp-json\/wp\/v2\/media?parent=11173"}],"wp:term":[{"taxonomy":"category","embeddable":true,"href":"https:\/\/blog.polityka.pl\/adamczewski\/wp-json\/wp\/v2\/categories?post=11173"},{"taxonomy":"post_tag","embeddable":true,"href":"https:\/\/blog.polityka.pl\/adamczewski\/wp-json\/wp\/v2\/tags?post=11173"}],"curies":[{"name":"wp","href":"https:\/\/api.w.org\/{rel}","templated":true}]}}