
{"id":11174,"date":"2012-09-07T06:34:05","date_gmt":"2012-09-07T05:34:05","guid":{"rendered":"http:\/\/adamczewscy.pl\/?p=3613"},"modified":"2012-09-07T06:34:05","modified_gmt":"2012-09-07T05:34:05","slug":"zapiekanka-z-kaszy-i-watrobki","status":"publish","type":"post","link":"https:\/\/blog.polityka.pl\/adamczewski\/2012\/09\/07\/zapiekanka-z-kaszy-i-watrobki\/","title":{"rendered":"Zapiekanka z kaszy i w\u0105tr\u00f3bki"},"content":{"rendered":"<p><em>2 suszone borowiki, p\u00f3\u0142 szklanki mleka, czubata szklanka kaszy per\u0142owej, 40 dag w\u0105tr\u00f3bki drobiowej, 2 cebule, 2 \u017c\u00f3\u0142tka, szklanka \u015bmietany 30-proc., po \u0142y\u017cce mas\u0142a i tartej bu\u0142ki do naczynia do zapiekania, s\u00f3l, pieprz, szczypta majeranku, 2 \u0142y\u017cki oleju<\/em><\/p>\n<p>1. Grzyby zala\u0107 mlekiem i wod\u0105 (po p\u00f3\u0142 szklanki) , ugotowa\u0107; grzyby wyj\u0105\u0107 i ostudzi\u0107.<br \/>\n2. Do wywaru z grzyb\u00f3w dola\u0107 tyle wody, aby uzupe\u0142ni\u0107 ilo\u015b\u0107 p\u0142ynu do 2 szklanek, lekko posoli\u0107, wsypa\u0107 kasz\u0119 i gotowa\u0107,  a\u017c wch\u0142onie ca\u0142y p\u0142yn.<br \/>\n3. Na rozgrzanym oleju zeszkli\u0107 posiekan\u0105 cebul\u0119, zdj\u0105\u0107 z patelni, podsma\u017cy\u0107 pokrojon\u0105 na kawa\u0142ki w\u0105tr\u00f3bk\u0119, doda\u0107 do niej z powrotem cebul\u0119 i razem podsma\u017ca\u0107 5 minut, posypa\u0107 sol\u0105 i pieprzem oraz majerankiem.<br \/>\n4. Kasz\u0119 wymiesza\u0107 z podsma\u017con\u0105 w\u0105tr\u00f3bk\u0105, \u015bmietan\u0105 wymieszan\u0105 z \u017c\u00f3\u0142tkami, doprawi\u0107 do smaku sol\u0105 i pieprzem,.<br \/>\n5. Naczynie do zapiekania posmarowa\u0107 mas\u0142em, wysypa\u0107 tart\u0105 bu\u0142k\u0105, prze\u0142o\u017cy\u0107 kasz\u0119 i w nagrzanym do 180 st. C piekarniku zapieka\u0107 25 minut. <\/p>\n","protected":false},"excerpt":{"rendered":"<p>2 suszone borowiki, p\u00f3\u0142 szklanki mleka, czubata szklanka kaszy per\u0142owej, 40 dag w\u0105tr\u00f3bki drobiowej, 2 cebule, 2 \u017c\u00f3\u0142tka, szklanka \u015bmietany 30-proc., po \u0142y\u017cce mas\u0142a i tartej bu\u0142ki do naczynia do zapiekania, s\u00f3l, pieprz, szczypta majeranku, 2 \u0142y\u017cki oleju 1. Grzyby zala\u0107 mlekiem i wod\u0105 (po p\u00f3\u0142 szklanki) , ugotowa\u0107; grzyby wyj\u0105\u0107 i ostudzi\u0107. 2. Do [&hellip;]<\/p>\n","protected":false},"author":2,"featured_media":0,"comment_status":"open","ping_status":"open","sticky":false,"template":"","format":"standard","meta":{"footnotes":""},"categories":[1],"tags":[],"_links":{"self":[{"href":"https:\/\/blog.polityka.pl\/adamczewski\/wp-json\/wp\/v2\/posts\/11174"}],"collection":[{"href":"https:\/\/blog.polityka.pl\/adamczewski\/wp-json\/wp\/v2\/posts"}],"about":[{"href":"https:\/\/blog.polityka.pl\/adamczewski\/wp-json\/wp\/v2\/types\/post"}],"author":[{"embeddable":true,"href":"https:\/\/blog.polityka.pl\/adamczewski\/wp-json\/wp\/v2\/users\/2"}],"replies":[{"embeddable":true,"href":"https:\/\/blog.polityka.pl\/adamczewski\/wp-json\/wp\/v2\/comments?post=11174"}],"version-history":[{"count":0,"href":"https:\/\/blog.polityka.pl\/adamczewski\/wp-json\/wp\/v2\/posts\/11174\/revisions"}],"wp:attachment":[{"href":"https:\/\/blog.polityka.pl\/adamczewski\/wp-json\/wp\/v2\/media?parent=11174"}],"wp:term":[{"taxonomy":"category","embeddable":true,"href":"https:\/\/blog.polityka.pl\/adamczewski\/wp-json\/wp\/v2\/categories?post=11174"},{"taxonomy":"post_tag","embeddable":true,"href":"https:\/\/blog.polityka.pl\/adamczewski\/wp-json\/wp\/v2\/tags?post=11174"}],"curies":[{"name":"wp","href":"https:\/\/api.w.org\/{rel}","templated":true}]}}