
{"id":11177,"date":"2012-09-14T06:11:30","date_gmt":"2012-09-14T05:11:30","guid":{"rendered":"http:\/\/adamczewscy.pl\/?p=3617"},"modified":"2012-09-14T06:11:30","modified_gmt":"2012-09-14T05:11:30","slug":"jablka-zapiekane-w-kremie","status":"publish","type":"post","link":"https:\/\/blog.polityka.pl\/adamczewski\/2012\/09\/14\/jablka-zapiekane-w-kremie\/","title":{"rendered":"Jab\u0142ka zapiekane w kremie"},"content":{"rendered":"<p><em>4 du\u017ce winne jab\u0142ka, 4 \u0142y\u017ceczki d\u017cemu wi\u015bniowego, szklanka s\u0142odkiej \u015bmietanki (najlepiej 12-proc.), 4 \u017c\u00f3\u0142tka, \u0142y\u017cka m\u0105ki ziemniaczanej, 4 \u0142y\u017cki cukru, szczypta cukru waniliowego<br \/>\n<\/em><br \/>\n1. Jab\u0142ka cienko obra\u0107, poprzekrawa\u0107 na po\u0142\u00f3wki, wydr\u0105\u017cy\u0107 gniazda nasienne i w ka\u017cde w\u0142o\u017cy\u0107 po ? \u0142y\u017ceczki d\u017cemu. U\u0142o\u017cy\u0107 po\u0142\u00f3wki jab\u0142ek na g\u0142\u0119bszym p\u00f3\u0142misku \u017caroodpornym.<br \/>\n2, Otrze\u0107 \u017c\u00f3\u0142tka z cukrem, doda\u0107 \u015bmietank\u0119 i m\u0105k\u0119 ziemniaczan\u0105 oraz cukier waniliowy, wymiesza\u0107, zala\u0107 jab\u0142ka na p\u00f3\u0142misku.<br \/>\n3. W nagrzanym do 180 st C piekarniku zapieka\u0107 jab\u0142ka, a\u017c sos st\u0119\u017ceje. Podawa\u0107 na gor\u0105co lub na zimno. <\/p>\n","protected":false},"excerpt":{"rendered":"<p>4 du\u017ce winne jab\u0142ka, 4 \u0142y\u017ceczki d\u017cemu wi\u015bniowego, szklanka s\u0142odkiej \u015bmietanki (najlepiej 12-proc.), 4 \u017c\u00f3\u0142tka, \u0142y\u017cka m\u0105ki ziemniaczanej, 4 \u0142y\u017cki cukru, szczypta cukru waniliowego 1. Jab\u0142ka cienko obra\u0107, poprzekrawa\u0107 na po\u0142\u00f3wki, wydr\u0105\u017cy\u0107 gniazda nasienne i w ka\u017cde w\u0142o\u017cy\u0107 po ? \u0142y\u017ceczki d\u017cemu. U\u0142o\u017cy\u0107 po\u0142\u00f3wki jab\u0142ek na g\u0142\u0119bszym p\u00f3\u0142misku \u017caroodpornym. 2, Otrze\u0107 \u017c\u00f3\u0142tka z cukrem, doda\u0107 [&hellip;]<\/p>\n","protected":false},"author":2,"featured_media":0,"comment_status":"open","ping_status":"open","sticky":false,"template":"","format":"standard","meta":{"footnotes":""},"categories":[1],"tags":[],"_links":{"self":[{"href":"https:\/\/blog.polityka.pl\/adamczewski\/wp-json\/wp\/v2\/posts\/11177"}],"collection":[{"href":"https:\/\/blog.polityka.pl\/adamczewski\/wp-json\/wp\/v2\/posts"}],"about":[{"href":"https:\/\/blog.polityka.pl\/adamczewski\/wp-json\/wp\/v2\/types\/post"}],"author":[{"embeddable":true,"href":"https:\/\/blog.polityka.pl\/adamczewski\/wp-json\/wp\/v2\/users\/2"}],"replies":[{"embeddable":true,"href":"https:\/\/blog.polityka.pl\/adamczewski\/wp-json\/wp\/v2\/comments?post=11177"}],"version-history":[{"count":0,"href":"https:\/\/blog.polityka.pl\/adamczewski\/wp-json\/wp\/v2\/posts\/11177\/revisions"}],"wp:attachment":[{"href":"https:\/\/blog.polityka.pl\/adamczewski\/wp-json\/wp\/v2\/media?parent=11177"}],"wp:term":[{"taxonomy":"category","embeddable":true,"href":"https:\/\/blog.polityka.pl\/adamczewski\/wp-json\/wp\/v2\/categories?post=11177"},{"taxonomy":"post_tag","embeddable":true,"href":"https:\/\/blog.polityka.pl\/adamczewski\/wp-json\/wp\/v2\/tags?post=11177"}],"curies":[{"name":"wp","href":"https:\/\/api.w.org\/{rel}","templated":true}]}}